{"id":47419,"date":"2013-04-29T06:14:55","date_gmt":"2013-04-29T09:14:55","guid":{"rendered":"http:\/\/senoticias.com.br\/se\/?p=47419"},"modified":"2013-04-29T21:05:42","modified_gmt":"2013-04-30T00:05:42","slug":"morre-o-compositor-paulo-vanzolini","status":"publish","type":"post","link":"https:\/\/senoticias.com.br\/se\/morre-o-compositor-paulo-vanzolini\/","title":{"rendered":"Morre o compositor Paulo Vanzolini"},"content":{"rendered":"<p style=\"text-align: justify;\"><em><strong>Do G1 S\u00e3o Paulo<\/strong><\/em><\/p>\n<div id=\"attachment_47420\" style=\"width: 310px\" class=\"wp-caption alignleft\"><a href=\"http:\/\/senoticias.com.br\/se\/wp-content\/uploads\/2013\/04\/vanzolini_nova.jpg\"><img loading=\"lazy\" decoding=\"async\" aria-describedby=\"caption-attachment-47420\" class=\"size-full wp-image-47420\" title=\"\" src=\"http:\/\/senoticias.com.br\/se\/wp-content\/uploads\/2013\/04\/vanzolini_nova.jpg\" alt=\"\" width=\"300\" height=\"225\" srcset=\"https:\/\/senoticias.com.br\/se\/wp-content\/uploads\/2013\/04\/vanzolini_nova.jpg 300w, https:\/\/senoticias.com.br\/se\/wp-content\/uploads\/2013\/04\/vanzolini_nova-60x45.jpg 60w, https:\/\/senoticias.com.br\/se\/wp-content\/uploads\/2013\/04\/vanzolini_nova-150x113.jpg 150w, https:\/\/senoticias.com.br\/se\/wp-content\/uploads\/2013\/04\/vanzolini_nova-269x201.jpg 269w\" sizes=\"(max-width: 300px) 100vw, 300px\" \/><\/a><p id=\"caption-attachment-47420\" class=\"wp-caption-text\">Paulo Vanzolini durante show da edi\u00e7\u00e3o 2010 da Virada Cultural (Foto: Daigo Oliva\/Arquivo G1)<\/p><\/div>\n<p style=\"text-align: justify;\">O compositor e zo\u00f3logo Paulo Vanzolini, de 89 anos, morreu \u00e0s 23h35 deste domingo (28), informou a assessoria do Hospital Israelita Albert Einsten. Compneumonia extensa, ele estava internado desde quinta-feira (25) na Unidade de Terapia Intensiva (UTI) do centro m\u00e9dico, localizado na Zona Sul de S\u00e3o Paulo.<\/p>\n<p style=\"text-align: justify;\">A causa da morte ainda n\u00e3o foi divulgada.<\/p>\n<p style=\"text-align: justify;\">Autor de composi\u00e7\u00f5es cl\u00e1ssicas, como \u201cVolta por cima\u201d e \u201cRonda\u201d, Vanzolini teve can\u00e7\u00f5es interpretadas por grandes nomes da MPB, como Mi\u00facha, Chico Buarque, Paulinho da Viola, Martinho da Vila e Inezita Barroso.<\/p>\n<p style=\"text-align: justify;\">O autor tamb\u00e9m tem carreira acad\u00eamica renomada. Foi diretor do Museu de Zoologia da Universidade de S\u00e3o Paulo (USP), onde trabalhou por mais de 40 anos. Em 2008, doou o acervo de sua biblioteca, com mais de 25 mil itens &#8211; incluindo obras raras, peri\u00f3dicos e mapas &#8211; ao museu. Segundo o governo de S\u00e3o Paulo, o valor do acervo \u00e9 estimado em US$ 300 mil.<\/p>\n<p style=\"text-align: justify;\">A vida dupla de compositor e cientista de Vanzolini foi tema de document\u00e1rio &#8220;Um homem de moral&#8221;, de 2009. A obra do cineasta Ricardo Dias registra os preparativos para um show realizado em 2003 no Sesc Vila Mariana.<\/p>\n","protected":false},"excerpt":{"rendered":"<p>Do G1 S\u00e3o Paulo O compositor e zo\u00f3logo Paulo Vanzolini, de 89 anos, morreu \u00e0s 23h35 deste domingo (28), informou a assessoria do Hospital Israelita Albert Einsten. Compneumonia extensa, ele estava internado desde quinta-feira (25) na Unidade de Terapia Intensiva (UTI) do centro m\u00e9dico, localizado na Zona Sul de S\u00e3o Paulo. A causa da morte [&hellip;]<\/p>\n","protected":false},"author":1,"featured_media":47420,"comment_status":"closed","ping_status":"closed","sticky":false,"template":"","format":"standard","meta":{"footnotes":""},"categories":[310],"tags":[],"class_list":{"0":"post-47419","1":"post","2":"type-post","3":"status-publish","4":"format-standard","5":"has-post-thumbnail","7":"category-destaques-da-semana"},"_links":{"self":[{"href":"https:\/\/senoticias.com.br\/se\/wp-json\/wp\/v2\/posts\/47419"}],"collection":[{"href":"https:\/\/senoticias.com.br\/se\/wp-json\/wp\/v2\/posts"}],"about":[{"href":"https:\/\/senoticias.com.br\/se\/wp-json\/wp\/v2\/types\/post"}],"author":[{"embeddable":true,"href":"https:\/\/senoticias.com.br\/se\/wp-json\/wp\/v2\/users\/1"}],"replies":[{"embeddable":true,"href":"https:\/\/senoticias.com.br\/se\/wp-json\/wp\/v2\/comments?post=47419"}],"version-history":[{"count":0,"href":"https:\/\/senoticias.com.br\/se\/wp-json\/wp\/v2\/posts\/47419\/revisions"}],"wp:featuredmedia":[{"embeddable":true,"href":"https:\/\/senoticias.com.br\/se\/wp-json\/wp\/v2\/media\/47420"}],"wp:attachment":[{"href":"https:\/\/senoticias.com.br\/se\/wp-json\/wp\/v2\/media?parent=47419"}],"wp:term":[{"taxonomy":"category","embeddable":true,"href":"https:\/\/senoticias.com.br\/se\/wp-json\/wp\/v2\/categories?post=47419"},{"taxonomy":"post_tag","embeddable":true,"href":"https:\/\/senoticias.com.br\/se\/wp-json\/wp\/v2\/tags?post=47419"}],"curies":[{"name":"wp","href":"https:\/\/api.w.org\/{rel}","templated":true}]}}