{"id":47417,"date":"2013-04-29T06:07:20","date_gmt":"2013-04-29T09:07:20","guid":{"rendered":"http:\/\/senoticias.com.br\/se\/?p=47417"},"modified":"2013-04-29T06:09:38","modified_gmt":"2013-04-29T09:09:38","slug":"veja-gabarito-do-exame-da-oab","status":"publish","type":"post","link":"https:\/\/senoticias.com.br\/se\/veja-gabarito-do-exame-da-oab\/","title":{"rendered":"Veja o gabarito da primeira fase do 10\u00ba Exame de Ordem da OAB"},"content":{"rendered":"<p style=\"text-align: justify;\"><span style=\"color: #333333;\"><em><strong>Do G1, em S\u00e3o Paulo<\/strong><\/em><\/span><\/p>\n<p style=\"text-align: justify;\">A FGV Projetos divulgou neste domingo (28) o gabarito preliminar da primeira fase do 10\u00ba Exame de Ordem Unificado da Ordem dos Advogados do Brasil (OAB). <strong><a href=\"  http:\/\/img-oab.fgv.br\/303\/20130428064402-GABARITOS%20PRELIMIARES_X_EXAME_DE_ORDEM.pdf\" target=\"_blank\">Clique para ver o gabarito<\/a><\/strong>.<\/p>\n<div id=\"attachment_23880\" style=\"width: 310px\" class=\"wp-caption alignleft\"><a href=\"http:\/\/senoticias.com.br\/se\/wp-content\/uploads\/2012\/02\/Concurso-II.jpg\"><img loading=\"lazy\" decoding=\"async\" aria-describedby=\"caption-attachment-23880\" class=\"size-medium wp-image-23880\" title=\"Concurso II\" src=\"http:\/\/senoticias.com.br\/se\/wp-content\/uploads\/2012\/02\/Concurso-II-300x200.jpg\" alt=\"\" width=\"300\" height=\"200\" srcset=\"https:\/\/senoticias.com.br\/se\/wp-content\/uploads\/2012\/02\/Concurso-II-300x200.jpg 300w, https:\/\/senoticias.com.br\/se\/wp-content\/uploads\/2012\/02\/Concurso-II-342x227.jpg 342w, https:\/\/senoticias.com.br\/se\/wp-content\/uploads\/2012\/02\/Concurso-II.jpg 510w\" sizes=\"(max-width: 300px) 100vw, 300px\" \/><\/a><p id=\"caption-attachment-23880\" class=\"wp-caption-text\">Imagem ilustrativa<\/p><\/div>\n<p style=\"text-align: justify;\">A prova objetiva foi aplicada neste domingo \u00e0s 13h (de Bras\u00edlia) e teve cinco horas de dura\u00e7\u00e3o. De acordo com a OAB, mais de 124 mil candidatos estavam inscritos para o teste. A prova teve 80 quest\u00f5es de m\u00faltipla escolha. Os candidatos precisam acertar 40 quest\u00f5es para passar para a segunda fase, que est\u00e1 marcada para o dia 16 de junho.<\/p>\n<p style=\"text-align: justify;\">O Exame de Ordem \u00e9 obrigat\u00f3rio para obter a carteira da OAB, necess\u00e1ria ao exerc\u00edcio da profiss\u00e3o de advogado.<\/p>\n<p style=\"text-align: justify;\">O resultado preliminar com os nomes de quem passou para a segunda fase ser\u00e1 divulgado no dia 8 de maio. De 8 a 11 de maio, os candidatos que n\u00e3o foram aprovados para a segunda fase podem entrar com recurso no site da OAB.<\/p>\n<p style=\"text-align: justify;\">O resultado final, que inclui a an\u00e1lise dos recursos, ser\u00e1 divulgado no dia 28 de maio.<\/p>\n<p style=\"text-align: justify;\">A prova pr\u00e1tico-profissional (segunda fase) ser\u00e1 realizada no dia 16 de junho, das 13h \u00e0s 18h (hor\u00e1rio de Bras\u00edlia). O resultado preliminar dos aprovados sair\u00e1 no dia 9 de julho. O resultado final, ap\u00f3s an\u00e1lise de recursos, ser\u00e1 divulgado no dia 26 de julho.<\/p>\n","protected":false},"excerpt":{"rendered":"<p>Do G1, em S\u00e3o Paulo A FGV Projetos divulgou neste domingo (28) o gabarito preliminar da primeira fase do 10\u00ba Exame de Ordem Unificado da Ordem dos Advogados do Brasil (OAB). Clique para ver o gabarito. A prova objetiva foi aplicada neste domingo \u00e0s 13h (de Bras\u00edlia) e teve cinco horas de dura\u00e7\u00e3o. De acordo [&hellip;]<\/p>\n","protected":false},"author":3,"featured_media":23880,"comment_status":"closed","ping_status":"closed","sticky":false,"template":"","format":"standard","meta":{"footnotes":""},"categories":[9,310,1],"tags":[],"class_list":{"0":"post-47417","1":"post","2":"type-post","3":"status-publish","4":"format-standard","5":"has-post-thumbnail","7":"category-concursos","8":"category-destaques-da-semana","9":"category-sem-categoria"},"_links":{"self":[{"href":"https:\/\/senoticias.com.br\/se\/wp-json\/wp\/v2\/posts\/47417"}],"collection":[{"href":"https:\/\/senoticias.com.br\/se\/wp-json\/wp\/v2\/posts"}],"about":[{"href":"https:\/\/senoticias.com.br\/se\/wp-json\/wp\/v2\/types\/post"}],"author":[{"embeddable":true,"href":"https:\/\/senoticias.com.br\/se\/wp-json\/wp\/v2\/users\/3"}],"replies":[{"embeddable":true,"href":"https:\/\/senoticias.com.br\/se\/wp-json\/wp\/v2\/comments?post=47417"}],"version-history":[{"count":0,"href":"https:\/\/senoticias.com.br\/se\/wp-json\/wp\/v2\/posts\/47417\/revisions"}],"wp:featuredmedia":[{"embeddable":true,"href":"https:\/\/senoticias.com.br\/se\/wp-json\/wp\/v2\/media\/23880"}],"wp:attachment":[{"href":"https:\/\/senoticias.com.br\/se\/wp-json\/wp\/v2\/media?parent=47417"}],"wp:term":[{"taxonomy":"category","embeddable":true,"href":"https:\/\/senoticias.com.br\/se\/wp-json\/wp\/v2\/categories?post=47417"},{"taxonomy":"post_tag","embeddable":true,"href":"https:\/\/senoticias.com.br\/se\/wp-json\/wp\/v2\/tags?post=47417"}],"curies":[{"name":"wp","href":"https:\/\/api.w.org\/{rel}","templated":true}]}}