{"id":47414,"date":"2013-04-29T06:00:38","date_gmt":"2013-04-29T09:00:38","guid":{"rendered":"http:\/\/senoticias.com.br\/se\/?p=47414"},"modified":"2013-04-29T06:00:38","modified_gmt":"2013-04-29T09:00:38","slug":"adolescente-de-itabaiana-e-encontrada-morta-dentro-de-casa-na-cidade-de-indiaroba","status":"publish","type":"post","link":"https:\/\/senoticias.com.br\/se\/adolescente-de-itabaiana-e-encontrada-morta-dentro-de-casa-na-cidade-de-indiaroba\/","title":{"rendered":"Adolescente de Itabaiana \u00e9 encontrada morta dentro de casa na cidade de Indiaroba"},"content":{"rendered":"<div id=\"attachment_47415\" style=\"width: 310px\" class=\"wp-caption alignleft\"><a href=\"http:\/\/senoticias.com.br\/se\/wp-content\/uploads\/2013\/04\/Itabaiana1.jpg\"><img loading=\"lazy\" decoding=\"async\" aria-describedby=\"caption-attachment-47415\" class=\"size-medium wp-image-47415\" title=\"Itabaiana\" src=\"http:\/\/senoticias.com.br\/se\/wp-content\/uploads\/2013\/04\/Itabaiana1-300x131.jpg\" alt=\"\" width=\"300\" height=\"131\" srcset=\"https:\/\/senoticias.com.br\/se\/wp-content\/uploads\/2013\/04\/Itabaiana1-300x131.jpg 300w, https:\/\/senoticias.com.br\/se\/wp-content\/uploads\/2013\/04\/Itabaiana1-342x150.jpg 342w, https:\/\/senoticias.com.br\/se\/wp-content\/uploads\/2013\/04\/Itabaiana1.jpg 399w\" sizes=\"(max-width: 300px) 100vw, 300px\" \/><\/a><p id=\"caption-attachment-47415\" class=\"wp-caption-text\">Corpo da v\u00edtima foi encontrado com v\u00e1rias perfura\u00e7\u00f5es pelo corpo. (Foto: Di\u00e1rio do Agreste)<\/p><\/div>\n<p style=\"text-align: justify;\">Na tarde do \u00faltimo s\u00e1bado (27), por volta das 15h:30min uma adolescente natural de Itabaiana foi encontrada morta dentro de casa. O fato ocorreu no munic\u00edpio de Indiaroba, extremo sul de Sergipe.<\/p>\n<p style=\"text-align: justify;\">Policiais da Delegacia da cidade foram acionados para atender \u00e0 ocorr\u00eancia. Populares disseram \u00e0 Pol\u00edcia, que ouviram uma intensa discuss\u00e3o entre a adolescente Ana Cl\u00e9cia com um homem.<\/p>\n<p style=\"text-align: justify;\">De acordo com a Pol\u00edcia, a fam\u00edlia da v\u00edtima havia recebido uma liga\u00e7\u00e3o sobre o que estava acontecendo na casa da adolescente.<\/p>\n<p style=\"text-align: justify;\">Ao adentrar o im\u00f3vel, os policiais encontram o corpo de Ana Cl\u00e9cia Souza Oliveira de 17 anos, com algumas perfura\u00e7\u00f5es provocadas por bala.<\/p>\n<p style=\"text-align: justify;\">Informados sobre a morte de Ana Cl\u00e9cia, os familiares ficaram desolados. Integrantes da fam\u00edlia aguarda no Instituto M\u00e9dico Legal (IML) a libera\u00e7\u00e3o do corpo da adolescente.<\/p>\n<p style=\"text-align: justify;\">O vel\u00f3rio de Ana Cl\u00e9cia Souza Oliveira acontecer\u00e1 na casa de seu Av\u00f4, conhecido como Manuel Angico, localizada na Avenida Padre A\u00edrton Gon\u00e7alves de Lima, n\u00ba 125, Conjunto Luiz Concei\u00e7\u00e3o na cidade de Itabaiana. O sepultamento acontecer\u00e1 no cemit\u00e9rio Campo Grande.<\/p>\n<p style=\"text-align: justify;\"><em><strong>Por Ed Carlos, do\u00a0\u00a0Di\u00e1rio do agreste<\/strong><\/em><\/p>\n","protected":false},"excerpt":{"rendered":"<p>Na tarde do \u00faltimo s\u00e1bado (27), por volta das 15h:30min uma adolescente natural de Itabaiana foi encontrada morta dentro de casa. O fato ocorreu no munic\u00edpio de Indiaroba, extremo sul de Sergipe. Policiais da Delegacia da cidade foram acionados para atender \u00e0 ocorr\u00eancia. Populares disseram \u00e0 Pol\u00edcia, que ouviram uma intensa discuss\u00e3o entre a adolescente [&hellip;]<\/p>\n","protected":false},"author":1,"featured_media":47415,"comment_status":"closed","ping_status":"closed","sticky":false,"template":"","format":"standard","meta":{"footnotes":""},"categories":[7],"tags":[],"class_list":{"0":"post-47414","1":"post","2":"type-post","3":"status-publish","4":"format-standard","5":"has-post-thumbnail","7":"category-policia"},"_links":{"self":[{"href":"https:\/\/senoticias.com.br\/se\/wp-json\/wp\/v2\/posts\/47414"}],"collection":[{"href":"https:\/\/senoticias.com.br\/se\/wp-json\/wp\/v2\/posts"}],"about":[{"href":"https:\/\/senoticias.com.br\/se\/wp-json\/wp\/v2\/types\/post"}],"author":[{"embeddable":true,"href":"https:\/\/senoticias.com.br\/se\/wp-json\/wp\/v2\/users\/1"}],"replies":[{"embeddable":true,"href":"https:\/\/senoticias.com.br\/se\/wp-json\/wp\/v2\/comments?post=47414"}],"version-history":[{"count":0,"href":"https:\/\/senoticias.com.br\/se\/wp-json\/wp\/v2\/posts\/47414\/revisions"}],"wp:featuredmedia":[{"embeddable":true,"href":"https:\/\/senoticias.com.br\/se\/wp-json\/wp\/v2\/media\/47415"}],"wp:attachment":[{"href":"https:\/\/senoticias.com.br\/se\/wp-json\/wp\/v2\/media?parent=47414"}],"wp:term":[{"taxonomy":"category","embeddable":true,"href":"https:\/\/senoticias.com.br\/se\/wp-json\/wp\/v2\/categories?post=47414"},{"taxonomy":"post_tag","embeddable":true,"href":"https:\/\/senoticias.com.br\/se\/wp-json\/wp\/v2\/tags?post=47414"}],"curies":[{"name":"wp","href":"https:\/\/api.w.org\/{rel}","templated":true}]}}