{"id":47410,"date":"2013-04-29T05:42:55","date_gmt":"2013-04-29T08:42:55","guid":{"rendered":"http:\/\/senoticias.com.br\/se\/?p=47410"},"modified":"2013-04-29T05:42:55","modified_gmt":"2013-04-29T08:42:55","slug":"acontece-o-1%c2%ba-flash-mob-danca-do-ventre-em-sergipe","status":"publish","type":"post","link":"https:\/\/senoticias.com.br\/se\/acontece-o-1%c2%ba-flash-mob-danca-do-ventre-em-sergipe\/","title":{"rendered":"Acontece o 1\u00ba Flash Mob Dan\u00e7a do Ventre em Sergipe"},"content":{"rendered":"<p>&nbsp;<\/p>\n<p style=\"text-align: justify;\"><a href=\"http:\/\/senoticias.com.br\/se\/wp-content\/uploads\/2013\/04\/FLASHMOB.jpg\"><img loading=\"lazy\" decoding=\"async\" class=\"aligncenter size-full wp-image-47411\" title=\"FLASHMOB\" src=\"http:\/\/senoticias.com.br\/se\/wp-content\/uploads\/2013\/04\/FLASHMOB.jpg\" alt=\"\" width=\"590\" height=\"417\" srcset=\"https:\/\/senoticias.com.br\/se\/wp-content\/uploads\/2013\/04\/FLASHMOB.jpg 590w, https:\/\/senoticias.com.br\/se\/wp-content\/uploads\/2013\/04\/FLASHMOB-300x212.jpg 300w, https:\/\/senoticias.com.br\/se\/wp-content\/uploads\/2013\/04\/FLASHMOB-342x241.jpg 342w, https:\/\/senoticias.com.br\/se\/wp-content\/uploads\/2013\/04\/FLASHMOB-90x65.jpg 90w\" sizes=\"(max-width: 590px) 100vw, 590px\" \/><\/a>Em comemora\u00e7\u00e3o ao Dia Mundial da Dan\u00e7a, 29 de abril, a bailarina e core\u00f3grafa sergipana Flavia Kahyna, levou \u00e0s ruas de Aracaju o 1\u00ba Flash Mob Dan\u00e7a do Ventre em Sergipe. \u201cEu e todo o grupo Carpe Diem, fizemos interven\u00e7\u00f5es art\u00edsticas em v\u00e1rios pontos de Aracaju neste \u00faltimo s\u00e1bado, 27.<\/p>\n<p style=\"text-align: justify;\">Foi um dia simplesmente fant\u00e1stico! Conseguimos perceber o quanto a arte ainda mexe com o \u00edntimo das pessoas\u201d, ressaltou a bailarina que ainda explicou \u201cFlash Mob \u00e9 um grupo de pessoas que aparecem inesperadamente em local p\u00fablico, fazendo uma performance e rapidamente se dispersam no meio da multid\u00e3o que tem como objetivo impactar pessoas que est\u00e3o passando por aquele local de grande concentra\u00e7\u00e3o.<\/p>\n<p style=\"text-align: justify;\">Foi exatamente isso que fizemos!, lembrou. A Cia aproveita para agradecer a todos que os prestigiaram por onde passaram e prometem realizar ainda mais a\u00e7\u00f5es culturais!!!!!<\/p>\n<p style=\"text-align: justify;\"><em><strong>Da Assessoria\u00a0<\/strong><\/em><\/p>\n","protected":false},"excerpt":{"rendered":"<p>&nbsp; Em comemora\u00e7\u00e3o ao Dia Mundial da Dan\u00e7a, 29 de abril, a bailarina e core\u00f3grafa sergipana Flavia Kahyna, levou \u00e0s ruas de Aracaju o 1\u00ba Flash Mob Dan\u00e7a do Ventre em Sergipe. \u201cEu e todo o grupo Carpe Diem, fizemos interven\u00e7\u00f5es art\u00edsticas em v\u00e1rios pontos de Aracaju neste \u00faltimo s\u00e1bado, 27. Foi um dia simplesmente [&hellip;]<\/p>\n","protected":false},"author":1,"featured_media":47411,"comment_status":"closed","ping_status":"closed","sticky":false,"template":"","format":"standard","meta":{"footnotes":""},"categories":[43],"tags":[],"class_list":{"0":"post-47410","1":"post","2":"type-post","3":"status-publish","4":"format-standard","5":"has-post-thumbnail","7":"category-voce-reporter"},"_links":{"self":[{"href":"https:\/\/senoticias.com.br\/se\/wp-json\/wp\/v2\/posts\/47410"}],"collection":[{"href":"https:\/\/senoticias.com.br\/se\/wp-json\/wp\/v2\/posts"}],"about":[{"href":"https:\/\/senoticias.com.br\/se\/wp-json\/wp\/v2\/types\/post"}],"author":[{"embeddable":true,"href":"https:\/\/senoticias.com.br\/se\/wp-json\/wp\/v2\/users\/1"}],"replies":[{"embeddable":true,"href":"https:\/\/senoticias.com.br\/se\/wp-json\/wp\/v2\/comments?post=47410"}],"version-history":[{"count":0,"href":"https:\/\/senoticias.com.br\/se\/wp-json\/wp\/v2\/posts\/47410\/revisions"}],"wp:featuredmedia":[{"embeddable":true,"href":"https:\/\/senoticias.com.br\/se\/wp-json\/wp\/v2\/media\/47411"}],"wp:attachment":[{"href":"https:\/\/senoticias.com.br\/se\/wp-json\/wp\/v2\/media?parent=47410"}],"wp:term":[{"taxonomy":"category","embeddable":true,"href":"https:\/\/senoticias.com.br\/se\/wp-json\/wp\/v2\/categories?post=47410"},{"taxonomy":"post_tag","embeddable":true,"href":"https:\/\/senoticias.com.br\/se\/wp-json\/wp\/v2\/tags?post=47410"}],"curies":[{"name":"wp","href":"https:\/\/api.w.org\/{rel}","templated":true}]}}