{"id":47406,"date":"2013-04-28T19:00:31","date_gmt":"2013-04-28T22:00:31","guid":{"rendered":"http:\/\/senoticias.com.br\/se\/?p=47406"},"modified":"2013-04-28T19:00:31","modified_gmt":"2013-04-28T22:00:31","slug":"fluminense-prova-eficiencia-goleia-volta-redonda-e-decide-taca-rio-contra-botafogo","status":"publish","type":"post","link":"https:\/\/senoticias.com.br\/se\/fluminense-prova-eficiencia-goleia-volta-redonda-e-decide-taca-rio-contra-botafogo\/","title":{"rendered":"Fluminense prova efici\u00eancia, goleia Volta Redonda e decide Ta\u00e7a Rio contra Botafogo"},"content":{"rendered":"<p>&nbsp;<\/p>\n<p style=\"text-align: justify;\">O Fluminense n\u00e3o deu chance ao azar, provou sua efici\u00eancia desde a \u00faltima temporada e goleou o Volta Redonda por 4 a 1, neste domingo, no est\u00e1dio Raulino de Oliveira, pela semifinal da Ta\u00e7a Rio. Rafael S\u00f3bis (2), Wellington Nem e Thiago Neves marcaram os gols que levaram o Tricolor das Laranjeiras \u00e0 final do segundo turno do Campeonato Carioca. Z\u00e9 Augusto descontou para os donos da casa. A equipe do t\u00e9cnico Abel Braga enfrenta o Botafogo e precisa vencer para conquistar o t\u00edtulo e disputar a final\u00edssima da competi\u00e7\u00e3o contra o pr\u00f3prio Alvinegro. Por sua vez, o time do holand\u00eas Seedorf triunfou na Ta\u00e7a Guanabara e pode at\u00e9 empatar para sagrar-se campe\u00e3o estadual de forma antecipada.<\/p>\n<div id=\"attachment_47407\" style=\"width: 606px\" class=\"wp-caption aligncenter\"><a href=\"http:\/\/senoticias.com.br\/se\/wp-content\/uploads\/2013\/04\/Fluminense.jpg\"><img loading=\"lazy\" decoding=\"async\" aria-describedby=\"caption-attachment-47407\" class=\"size-full wp-image-47407\" title=\"Fluminense\" src=\"http:\/\/senoticias.com.br\/se\/wp-content\/uploads\/2013\/04\/Fluminense.jpg\" alt=\"\" width=\"596\" height=\"336\" srcset=\"https:\/\/senoticias.com.br\/se\/wp-content\/uploads\/2013\/04\/Fluminense.jpg 596w, https:\/\/senoticias.com.br\/se\/wp-content\/uploads\/2013\/04\/Fluminense-300x169.jpg 300w, https:\/\/senoticias.com.br\/se\/wp-content\/uploads\/2013\/04\/Fluminense-342x192.jpg 342w\" sizes=\"(max-width: 596px) 100vw, 596px\" \/><\/a><p id=\"caption-attachment-47407\" class=\"wp-caption-text\">Wellington Nem, Carlinhos e Rhayner brilham na goleada tricolor (Foto: Rodrigo Ferreira \/ Photoc\u00e2mera)<\/p><\/div>\n<p style=\"text-align: justify;\">O jogo come\u00e7ou acelerado e com os dois times partindo para o ataque. O Fluminense era mais ousado, enquanto o Volta Redonda explorava os erros dos comandados de Abel Braga. Rafael S\u00f3bis abriu o placar para o Tricolor das Laranjeiras logo aos 11min. Ele recebeu passe de Jean, tirou Andr\u00e9 Alves e bateu cruzado.<\/p>\n<p style=\"text-align: justify;\">Logo na sequ\u00eancia, o Fluminense teve a oportunidade de ampliar e viu Wellington Nem desperdi\u00e7ar a chance. O Volta Redonda n\u00e3o perdoou e empatou aos 13min. Edinho falhou e deixou Z\u00e9 Augusto livre para chutar e superar Diego Cavalieri. O Tricolor n\u00e3o sentiu o gol e chegou pr\u00f3ximo de marcar o segundo tento. Aos 18min, Rafael S\u00f3bis dominou e soltou a bomba de canhota. A bola explodiu no travess\u00e3o.<\/p>\n<p style=\"text-align: justify;\">Apesar de partir para o ataque de forma constante, o Volta Redonda era menos eficiente do que o Fluminense. Aos 30min, o Tricolor fez o segundo gol ap\u00f3s roubada de bola de Carlinhos. O lateral se antecipou, invadiu a \u00e1rea e rolou na medida para Wellington Nem. Ele tocou sem chances para o goleiro Gatti.<\/p>\n<p style=\"text-align: justify;\">O mesmo Carlinhos chegou perto de balan\u00e7ar as redes. Aos 39min, ele cabeceou no travess\u00e3o a falta cobrada pelo meia Wagner. O Fluminense continuou pressionando e provando sua superioridade. Rhayner tamb\u00e9m acertou cabe\u00e7ada na trave ap\u00f3s cruzamento de Carlinhos, mas o primeiro tempo terminou sem vantagem maior a favor do time das Laranjeiras.<\/p>\n<p style=\"text-align: justify;\">O terceiro gol n\u00e3o tardou a sair. Logo no in\u00edcio da segunda etapa, o Fluminense voltou a utilizar as jogadas em velocidade pelos lados do campo. Aos 6min, Rhayner cruzou para Wellington Nem e Gatti cortou parcialmente. Rafael S\u00f3bis pegou o rebote e estufou as redes.<\/p>\n<p style=\"text-align: justify;\">Com o Volta Redonda \u201cnocauteado\u201d, o predom\u00ednio tricolor continuou. Rhayner e Wellington Nem tiveram chances, por\u00e9m, falharam nas conclus\u00f5es. Ainda deu tempo para Thiago Neves deixar a sua marca ap\u00f3s retorno de les\u00e3o. Aos 33min, ele recebeu passe de Wagner na entrada da \u00e1rea, dominou e tocou por cobertura no \u00e2ngulo esquerdo de Gatti. Um gola\u00e7o e n\u00fameros finais no placar da Cidade do A\u00e7o.<\/p>\n<p style=\"text-align: justify;\"><em><strong>Das Ag\u00eancias Globo Esporte e UOL<\/strong><\/em><\/p>\n","protected":false},"excerpt":{"rendered":"<p>&nbsp; O Fluminense n\u00e3o deu chance ao azar, provou sua efici\u00eancia desde a \u00faltima temporada e goleou o Volta Redonda por 4 a 1, neste domingo, no est\u00e1dio Raulino de Oliveira, pela semifinal da Ta\u00e7a Rio. Rafael S\u00f3bis (2), Wellington Nem e Thiago Neves marcaram os gols que levaram o Tricolor das Laranjeiras \u00e0 final [&hellip;]<\/p>\n","protected":false},"author":2,"featured_media":47407,"comment_status":"closed","ping_status":"closed","sticky":false,"template":"","format":"standard","meta":{"footnotes":""},"categories":[39,8],"tags":[],"class_list":{"0":"post-47406","1":"post","2":"type-post","3":"status-publish","4":"format-standard","5":"has-post-thumbnail","7":"category-esporte","8":"category-esporte-e-cultura"},"_links":{"self":[{"href":"https:\/\/senoticias.com.br\/se\/wp-json\/wp\/v2\/posts\/47406"}],"collection":[{"href":"https:\/\/senoticias.com.br\/se\/wp-json\/wp\/v2\/posts"}],"about":[{"href":"https:\/\/senoticias.com.br\/se\/wp-json\/wp\/v2\/types\/post"}],"author":[{"embeddable":true,"href":"https:\/\/senoticias.com.br\/se\/wp-json\/wp\/v2\/users\/2"}],"replies":[{"embeddable":true,"href":"https:\/\/senoticias.com.br\/se\/wp-json\/wp\/v2\/comments?post=47406"}],"version-history":[{"count":0,"href":"https:\/\/senoticias.com.br\/se\/wp-json\/wp\/v2\/posts\/47406\/revisions"}],"wp:featuredmedia":[{"embeddable":true,"href":"https:\/\/senoticias.com.br\/se\/wp-json\/wp\/v2\/media\/47407"}],"wp:attachment":[{"href":"https:\/\/senoticias.com.br\/se\/wp-json\/wp\/v2\/media?parent=47406"}],"wp:term":[{"taxonomy":"category","embeddable":true,"href":"https:\/\/senoticias.com.br\/se\/wp-json\/wp\/v2\/categories?post=47406"},{"taxonomy":"post_tag","embeddable":true,"href":"https:\/\/senoticias.com.br\/se\/wp-json\/wp\/v2\/tags?post=47406"}],"curies":[{"name":"wp","href":"https:\/\/api.w.org\/{rel}","templated":true}]}}