{"id":47401,"date":"2013-04-28T16:44:06","date_gmt":"2013-04-28T19:44:06","guid":{"rendered":"http:\/\/senoticias.com.br\/se\/?p=47401"},"modified":"2013-04-29T16:47:21","modified_gmt":"2013-04-29T19:47:21","slug":"cachoeira-e-detido-por-dirigir-embriagado-ele-paga-fianca-e-e-liberado","status":"publish","type":"post","link":"https:\/\/senoticias.com.br\/se\/cachoeira-e-detido-por-dirigir-embriagado-ele-paga-fianca-e-e-liberado\/","title":{"rendered":"Cachoeira \u00e9 detido por dirigir embriagado; ele paga fian\u00e7a e \u00e9 liberado"},"content":{"rendered":"<p><span style=\"color: #333333;\"><em><strong>Do Correio Braziliense<\/strong><\/em><\/span><\/p>\n<p style=\"text-align: justify;\">O bicheiro Carlos Cachoeira foi detido na madrugada deste domingo por dirigir alcoolizado. O contraventor foi flagrado por agentes da Pol\u00edcia Rodovi\u00e1ria Federal (PRF) enquanto trafegava pela BR-060. \u00a0A PRF informou que Cachoeira teria ido a An\u00e1polis assistir a um show e voltava para Goi\u00e2nia quando foi pego. Com o bicheiro estavam sua esposa, Andressa Mendon\u00e7a e um casal de amigos.<\/p>\n<div id=\"attachment_47402\" style=\"width: 606px\" class=\"wp-caption aligncenter\"><a href=\"http:\/\/senoticias.com.br\/se\/wp-content\/uploads\/2013\/04\/Cachoeira.jpg\"><img loading=\"lazy\" decoding=\"async\" aria-describedby=\"caption-attachment-47402\" class=\"size-full wp-image-47402\" title=\"Cachoeira\" src=\"http:\/\/senoticias.com.br\/se\/wp-content\/uploads\/2013\/04\/Cachoeira.jpg\" alt=\"\" width=\"596\" height=\"335\" srcset=\"https:\/\/senoticias.com.br\/se\/wp-content\/uploads\/2013\/04\/Cachoeira.jpg 596w, https:\/\/senoticias.com.br\/se\/wp-content\/uploads\/2013\/04\/Cachoeira-300x168.jpg 300w, https:\/\/senoticias.com.br\/se\/wp-content\/uploads\/2013\/04\/Cachoeira-342x192.jpg 342w\" sizes=\"(max-width: 596px) 100vw, 596px\" \/><\/a><p id=\"caption-attachment-47402\" class=\"wp-caption-text\">Com o bicheiro estavam sua esposa, Andressa Mendon\u00e7a e um casal de amigos. Breno Fortes\/CB DA\/Press<\/p><\/div>\n<p style=\"text-align: justify;\">Ele teria se recusado a fazer o teste do baf\u00f4metro. A PRF ressaltou ainda que Cachoeira estava nitidamente embriagado e que evitou contato com os jornalistas que estavam no local. O bicheiro foi levado para o 6\u00ba Distrito Policial de An\u00e1polis e teria pago fian\u00e7a no valor de R$ 22 mil.<\/p>\n","protected":false},"excerpt":{"rendered":"<p>Do Correio Braziliense O bicheiro Carlos Cachoeira foi detido na madrugada deste domingo por dirigir alcoolizado. O contraventor foi flagrado por agentes da Pol\u00edcia Rodovi\u00e1ria Federal (PRF) enquanto trafegava pela BR-060. \u00a0A PRF informou que Cachoeira teria ido a An\u00e1polis assistir a um show e voltava para Goi\u00e2nia quando foi pego. Com o bicheiro estavam [&hellip;]<\/p>\n","protected":false},"author":1,"featured_media":47402,"comment_status":"closed","ping_status":"closed","sticky":false,"template":"","format":"standard","meta":{"footnotes":""},"categories":[310,7],"tags":[],"class_list":{"0":"post-47401","1":"post","2":"type-post","3":"status-publish","4":"format-standard","5":"has-post-thumbnail","7":"category-destaques-da-semana","8":"category-policia"},"_links":{"self":[{"href":"https:\/\/senoticias.com.br\/se\/wp-json\/wp\/v2\/posts\/47401"}],"collection":[{"href":"https:\/\/senoticias.com.br\/se\/wp-json\/wp\/v2\/posts"}],"about":[{"href":"https:\/\/senoticias.com.br\/se\/wp-json\/wp\/v2\/types\/post"}],"author":[{"embeddable":true,"href":"https:\/\/senoticias.com.br\/se\/wp-json\/wp\/v2\/users\/1"}],"replies":[{"embeddable":true,"href":"https:\/\/senoticias.com.br\/se\/wp-json\/wp\/v2\/comments?post=47401"}],"version-history":[{"count":0,"href":"https:\/\/senoticias.com.br\/se\/wp-json\/wp\/v2\/posts\/47401\/revisions"}],"wp:featuredmedia":[{"embeddable":true,"href":"https:\/\/senoticias.com.br\/se\/wp-json\/wp\/v2\/media\/47402"}],"wp:attachment":[{"href":"https:\/\/senoticias.com.br\/se\/wp-json\/wp\/v2\/media?parent=47401"}],"wp:term":[{"taxonomy":"category","embeddable":true,"href":"https:\/\/senoticias.com.br\/se\/wp-json\/wp\/v2\/categories?post=47401"},{"taxonomy":"post_tag","embeddable":true,"href":"https:\/\/senoticias.com.br\/se\/wp-json\/wp\/v2\/tags?post=47401"}],"curies":[{"name":"wp","href":"https:\/\/api.w.org\/{rel}","templated":true}]}}