{"id":46077,"date":"2013-03-25T14:37:16","date_gmt":"2013-03-25T17:37:16","guid":{"rendered":"http:\/\/senoticias.com.br\/se\/?p=46077"},"modified":"2013-03-25T14:37:34","modified_gmt":"2013-03-25T17:37:34","slug":"policia-militar-prende-homicida-em-povoado-de-japaratuba","status":"publish","type":"post","link":"https:\/\/senoticias.com.br\/se\/policia-militar-prende-homicida-em-povoado-de-japaratuba\/","title":{"rendered":"Pol\u00edcia Militar prende homicida em povoado de Japaratuba"},"content":{"rendered":"<div id=\"attachment_46079\" style=\"width: 310px\" class=\"wp-caption alignleft\"><a href=\"http:\/\/senoticias.com.br\/se\/wp-content\/uploads\/2013\/03\/31201316195.jpg\"><img loading=\"lazy\" decoding=\"async\" aria-describedby=\"caption-attachment-46079\" class=\"size-medium wp-image-46079\" title=\"31201316195\" src=\"http:\/\/senoticias.com.br\/se\/wp-content\/uploads\/2013\/03\/31201316195-300x188.jpg\" alt=\"\" width=\"300\" height=\"188\" srcset=\"https:\/\/senoticias.com.br\/se\/wp-content\/uploads\/2013\/03\/31201316195-300x188.jpg 300w, https:\/\/senoticias.com.br\/se\/wp-content\/uploads\/2013\/03\/31201316195-342x215.jpg 342w, https:\/\/senoticias.com.br\/se\/wp-content\/uploads\/2013\/03\/31201316195.jpg 580w\" sizes=\"(max-width: 300px) 100vw, 300px\" \/><\/a><p id=\"caption-attachment-46079\" class=\"wp-caption-text\">A guarni\u00e7\u00e3o chegou ao esconderijo de Edvaldo Chagas dos Santos, acusado de matar Jos\u00e9 com uma arma branca (Foto: Reprodu\u00e7\u00e3o)<\/p><\/div>\n<p style=\"text-align: justify;\">A Pol\u00edcia Militar do Estado de Sergipe, atrav\u00e9s da 3\u00aa Companhia do 2\u00ba Batalh\u00e3o de Pol\u00edcia Militar (3\u00aa Cia\/ 2\u00ba BPM), prendeu um homicida no domingo, 24, no Povoado Forges, no munic\u00edpio de Japaratuba, distante 54 quil\u00f4metros da capital.<\/p>\n<p style=\"text-align: justify;\">Militares da sede da 3\u00aa Cia\/ 2\u00ba BPM, situada em Carm\u00f3polis, foram acionados para refor\u00e7ar as buscas do respons\u00e1vel pelo homic\u00eddio de Jos\u00e9 Domingos Santos Cardoso, ocorrido em Divina Pastora. Do local, as guarni\u00e7\u00f5es partiram em buscas, at\u00e9 receber informa\u00e7\u00f5es de populares.<\/p>\n<p style=\"text-align: justify;\">Guiados pelo informe, a guarni\u00e7\u00e3o composta pelo sargento Emanuel, cabos Cesar e Natanael e soldado H\u00e9lio Ferreira chegou \u00e0 zona rural de Japaratuba, onde chegou ao esconderijo de Edvaldo Chagas dos Santos, acusado de matar Jos\u00e9 com uma arma branca. O caso foi levado\u00a0a\u00a0uma unidade da Pol\u00edcia Civil.<\/p>\n<p style=\"text-align: justify;\"><strong>Fonte: Ascom PM\/SE<\/strong><\/p>\n<p>&nbsp;<\/p>\n","protected":false},"excerpt":{"rendered":"<p>A Pol\u00edcia Militar do Estado de Sergipe, atrav\u00e9s da 3\u00aa Companhia do 2\u00ba Batalh\u00e3o de Pol\u00edcia Militar (3\u00aa Cia\/ 2\u00ba BPM), prendeu um homicida no domingo, 24, no Povoado Forges, no munic\u00edpio de Japaratuba, distante 54 quil\u00f4metros da capital. Militares da sede da 3\u00aa Cia\/ 2\u00ba BPM, situada em Carm\u00f3polis, foram acionados para refor\u00e7ar as [&hellip;]<\/p>\n","protected":false},"author":1,"featured_media":46079,"comment_status":"closed","ping_status":"closed","sticky":false,"template":"","format":"standard","meta":{"footnotes":""},"categories":[7],"tags":[],"class_list":{"0":"post-46077","1":"post","2":"type-post","3":"status-publish","4":"format-standard","5":"has-post-thumbnail","7":"category-policia"},"_links":{"self":[{"href":"https:\/\/senoticias.com.br\/se\/wp-json\/wp\/v2\/posts\/46077"}],"collection":[{"href":"https:\/\/senoticias.com.br\/se\/wp-json\/wp\/v2\/posts"}],"about":[{"href":"https:\/\/senoticias.com.br\/se\/wp-json\/wp\/v2\/types\/post"}],"author":[{"embeddable":true,"href":"https:\/\/senoticias.com.br\/se\/wp-json\/wp\/v2\/users\/1"}],"replies":[{"embeddable":true,"href":"https:\/\/senoticias.com.br\/se\/wp-json\/wp\/v2\/comments?post=46077"}],"version-history":[{"count":0,"href":"https:\/\/senoticias.com.br\/se\/wp-json\/wp\/v2\/posts\/46077\/revisions"}],"wp:featuredmedia":[{"embeddable":true,"href":"https:\/\/senoticias.com.br\/se\/wp-json\/wp\/v2\/media\/46079"}],"wp:attachment":[{"href":"https:\/\/senoticias.com.br\/se\/wp-json\/wp\/v2\/media?parent=46077"}],"wp:term":[{"taxonomy":"category","embeddable":true,"href":"https:\/\/senoticias.com.br\/se\/wp-json\/wp\/v2\/categories?post=46077"},{"taxonomy":"post_tag","embeddable":true,"href":"https:\/\/senoticias.com.br\/se\/wp-json\/wp\/v2\/tags?post=46077"}],"curies":[{"name":"wp","href":"https:\/\/api.w.org\/{rel}","templated":true}]}}