{"id":46071,"date":"2013-03-25T11:30:45","date_gmt":"2013-03-25T14:30:45","guid":{"rendered":"http:\/\/senoticias.com.br\/se\/?p=46071"},"modified":"2013-03-25T11:33:34","modified_gmt":"2013-03-25T14:33:34","slug":"%e2%80%9clua-de-mel-entre-joao-e-aracajuanos-acabou%e2%80%9d-avalia-claudio-nunes","status":"publish","type":"post","link":"https:\/\/senoticias.com.br\/se\/%e2%80%9clua-de-mel-entre-joao-e-aracajuanos-acabou%e2%80%9d-avalia-claudio-nunes\/","title":{"rendered":"\u201cLua de mel entre Jo\u00e3o e aracajuanos acabou\u201d, avalia Cl\u00e1udio Nunes"},"content":{"rendered":"<div id=\"attachment_46072\" style=\"width: 310px\" class=\"wp-caption alignleft\"><a href=\"http:\/\/senoticias.com.br\/se\/wp-content\/uploads\/2013\/03\/images_cms-image-000308735.jpg\"><img loading=\"lazy\" decoding=\"async\" aria-describedby=\"caption-attachment-46072\" class=\"size-medium wp-image-46072\" title=\"images_cms-image-000308735\" src=\"http:\/\/senoticias.com.br\/se\/wp-content\/uploads\/2013\/03\/images_cms-image-000308735-300x106.jpg\" alt=\"\" width=\"300\" height=\"106\" srcset=\"https:\/\/senoticias.com.br\/se\/wp-content\/uploads\/2013\/03\/images_cms-image-000308735-300x106.jpg 300w, https:\/\/senoticias.com.br\/se\/wp-content\/uploads\/2013\/03\/images_cms-image-000308735-342x121.jpg 342w, https:\/\/senoticias.com.br\/se\/wp-content\/uploads\/2013\/03\/images_cms-image-000308735.jpg 1002w\" sizes=\"(max-width: 300px) 100vw, 300px\" \/><\/a><p id=\"caption-attachment-46072\" class=\"wp-caption-text\">Segundo Cl\u00e1udio Nunes, \u201cpara corrigir as injusti\u00e7as cometidas na opera\u00e7\u00e3o, foi necess\u00e1rio que a Defensoria P\u00fablica interviesse...&quot; (Foto: Reprodu\u00e7\u00e3o)<\/p><\/div>\n<p style=\"text-align: justify;\">O jornalista Cl\u00e1udio Nunes, em seu blog no Portal Infonet, afirma nesta segunda-feira (25) que \u201cdeposit\u00e1rio da manifesta\u00e7\u00e3o de esperan\u00e7a traduzida pelos aracajuanos no sentido de uma administra\u00e7\u00e3o afinada com seus anseios, o prefeito Jo\u00e3o Alves Filho (DEM) v\u00ea que, infelizmente, a lua de mel entre ele e a popula\u00e7\u00e3o da capital, simplesmente, acabou\u201d.<\/p>\n<p style=\"text-align: justify;\">Para embasar tal declara\u00e7\u00e3o, o blogueiro ressalta que \u201cuma s\u00e9rie de medidas, dentre as quais a total aus\u00eancia de negocia\u00e7\u00e3o salarial para os servidores municipais, abrangendo v\u00e1rias categorias, mostrou, em menos de 30 dias, uma atua\u00e7\u00e3o diametralmente oposta do Poder Executivo municipal\u201d.<\/p>\n<p style=\"text-align: justify;\">E prossegue: \u201cPara completar, logo ap\u00f3s a programa\u00e7\u00e3o desenvolvida para comemorar os 158 anos da cidade, eis que ocorre uma interven\u00e7\u00e3o lament\u00e1vel no processo de reintegra\u00e7\u00e3o de posse de centenas de casas populares constru\u00eddas justamente no mais novo bairro de Aracaju, numa coincid\u00eancia terr\u00edvel denominado \u201c17 de mar\u00e7o\u201d\u201d.<\/p>\n<p style=\"text-align: justify;\">Segundo Cl\u00e1udio Nunes, \u201cpara corrigir as injusti\u00e7as cometidas na opera\u00e7\u00e3o, foi necess\u00e1rio que a Defensoria P\u00fablica interviesse, para obrigar o poder p\u00fablico do munic\u00edpio a respeitar os direitos adquiridos por v\u00e1rios cidad\u00e3os (j\u00e1 cadastrados), por sinal, garantidos pela legisla\u00e7\u00e3o do pa\u00eds, dentre os quais se insere o direito \u00e0 moradia\u201d.<\/p>\n<p style=\"text-align: justify;\"><strong>Fonte: Sergipe 247<\/strong><\/p>\n","protected":false},"excerpt":{"rendered":"<p>O jornalista Cl\u00e1udio Nunes, em seu blog no Portal Infonet, afirma nesta segunda-feira (25) que \u201cdeposit\u00e1rio da manifesta\u00e7\u00e3o de esperan\u00e7a traduzida pelos aracajuanos no sentido de uma administra\u00e7\u00e3o afinada com seus anseios, o prefeito Jo\u00e3o Alves Filho (DEM) v\u00ea que, infelizmente, a lua de mel entre ele e a popula\u00e7\u00e3o da capital, simplesmente, acabou\u201d. Para [&hellip;]<\/p>\n","protected":false},"author":1,"featured_media":46072,"comment_status":"closed","ping_status":"closed","sticky":false,"template":"","format":"standard","meta":{"footnotes":""},"categories":[6],"tags":[],"class_list":{"0":"post-46071","1":"post","2":"type-post","3":"status-publish","4":"format-standard","5":"has-post-thumbnail","7":"category-politica"},"_links":{"self":[{"href":"https:\/\/senoticias.com.br\/se\/wp-json\/wp\/v2\/posts\/46071"}],"collection":[{"href":"https:\/\/senoticias.com.br\/se\/wp-json\/wp\/v2\/posts"}],"about":[{"href":"https:\/\/senoticias.com.br\/se\/wp-json\/wp\/v2\/types\/post"}],"author":[{"embeddable":true,"href":"https:\/\/senoticias.com.br\/se\/wp-json\/wp\/v2\/users\/1"}],"replies":[{"embeddable":true,"href":"https:\/\/senoticias.com.br\/se\/wp-json\/wp\/v2\/comments?post=46071"}],"version-history":[{"count":0,"href":"https:\/\/senoticias.com.br\/se\/wp-json\/wp\/v2\/posts\/46071\/revisions"}],"wp:featuredmedia":[{"embeddable":true,"href":"https:\/\/senoticias.com.br\/se\/wp-json\/wp\/v2\/media\/46072"}],"wp:attachment":[{"href":"https:\/\/senoticias.com.br\/se\/wp-json\/wp\/v2\/media?parent=46071"}],"wp:term":[{"taxonomy":"category","embeddable":true,"href":"https:\/\/senoticias.com.br\/se\/wp-json\/wp\/v2\/categories?post=46071"},{"taxonomy":"post_tag","embeddable":true,"href":"https:\/\/senoticias.com.br\/se\/wp-json\/wp\/v2\/tags?post=46071"}],"curies":[{"name":"wp","href":"https:\/\/api.w.org\/{rel}","templated":true}]}}