{"id":46068,"date":"2013-03-25T10:52:28","date_gmt":"2013-03-25T13:52:28","guid":{"rendered":"http:\/\/senoticias.com.br\/se\/?p=46068"},"modified":"2013-03-25T10:54:02","modified_gmt":"2013-03-25T13:54:02","slug":"pm-e-pc-prendem-tres-homens-com-drogas-e-armas-no-albano-franco","status":"publish","type":"post","link":"https:\/\/senoticias.com.br\/se\/pm-e-pc-prendem-tres-homens-com-drogas-e-armas-no-albano-franco\/","title":{"rendered":"PM e PC prendem tr\u00eas homens com drogas e armas no Albano Franco"},"content":{"rendered":"<div id=\"attachment_46069\" style=\"width: 310px\" class=\"wp-caption alignleft\"><a href=\"http:\/\/senoticias.com.br\/se\/wp-content\/uploads\/2013\/03\/img51504910c9e5f.jpg\"><img loading=\"lazy\" decoding=\"async\" aria-describedby=\"caption-attachment-46069\" class=\"size-medium wp-image-46069\" title=\"img51504910c9e5f\" src=\"http:\/\/senoticias.com.br\/se\/wp-content\/uploads\/2013\/03\/img51504910c9e5f-300x225.jpg\" alt=\"\" width=\"300\" height=\"225\" srcset=\"https:\/\/senoticias.com.br\/se\/wp-content\/uploads\/2013\/03\/img51504910c9e5f-300x225.jpg 300w, https:\/\/senoticias.com.br\/se\/wp-content\/uploads\/2013\/03\/img51504910c9e5f-342x256.jpg 342w, https:\/\/senoticias.com.br\/se\/wp-content\/uploads\/2013\/03\/img51504910c9e5f-60x45.jpg 60w, https:\/\/senoticias.com.br\/se\/wp-content\/uploads\/2013\/03\/img51504910c9e5f-150x113.jpg 150w, https:\/\/senoticias.com.br\/se\/wp-content\/uploads\/2013\/03\/img51504910c9e5f-269x201.jpg 269w, https:\/\/senoticias.com.br\/se\/wp-content\/uploads\/2013\/03\/img51504910c9e5f.jpg 800w\" sizes=\"(max-width: 300px) 100vw, 300px\" \/><\/a><p id=\"caption-attachment-46069\" class=\"wp-caption-text\">Na casa foram apreendidos um ve\u00edculo corsa verde, de placas JMU-4413, um Voyage, de cor branca e placas NYL 0831, de Salvador-BA (Foto: Sandoval Not\u00edcias)<\/p><\/div>\n<p style=\"text-align: justify;\">A Pol\u00edcia Militar do Estado de Sergipe, atrav\u00e9s do Grupamento de A\u00e7\u00f5es T\u00e1ticas do Interior (GATI) e em conjunto com o Departamento de Narc\u00f3ticos (Denarc), prendeu tr\u00eas homens no s\u00e1bado, 23, no conjunto Albano Franco, no munic\u00edpio de Nossa Senhora do Socorro, e apreendeu drogas e armas, al\u00e9m de dois carros e duas motos, para consulta de restri\u00e7\u00f5es.<\/p>\n<p style=\"text-align: justify;\">O trio realizava um churrasco e foi identificado como Digeo, fugitivo da justi\u00e7a, Gilberto Gomes dos Santos, 39 anos, vulgo Sedex, que abastecia a \u00e1rea com droga, e Ren\u00e9 Queiros dos Santos, 37 anos, ex- presidi\u00e1rio por assalto a banco no do Estado, frisando que este \u00faltimo tinha acabado de trazer a droga para Gilberto no carro Voyage branco, ano 2010.<\/p>\n<p style=\"text-align: justify;\">Na casa foram apreendidos um ve\u00edculo corsa verde, de placas JMU-4413, um Voyage, de cor branca e placas NYL 0831, de Salvador-BA, duas motos CG pretas, al\u00e9m de um quilo de crack,<\/p>\n<p style=\"text-align: justify;\">900 gramas de coca\u00edna e dois rev\u00f3lveres calibre 38. O caso foi levado ao Denarc pelas equipes comandadas pelo capit\u00e3o George, comandante do GATI, e o delegado Marcelo.<\/p>\n<p style=\"text-align: justify;\"><strong>Fonte: Ascom PM\/SE<\/strong><\/p>\n","protected":false},"excerpt":{"rendered":"<p>A Pol\u00edcia Militar do Estado de Sergipe, atrav\u00e9s do Grupamento de A\u00e7\u00f5es T\u00e1ticas do Interior (GATI) e em conjunto com o Departamento de Narc\u00f3ticos (Denarc), prendeu tr\u00eas homens no s\u00e1bado, 23, no conjunto Albano Franco, no munic\u00edpio de Nossa Senhora do Socorro, e apreendeu drogas e armas, al\u00e9m de dois carros e duas motos, para [&hellip;]<\/p>\n","protected":false},"author":1,"featured_media":46069,"comment_status":"closed","ping_status":"closed","sticky":false,"template":"","format":"standard","meta":{"footnotes":""},"categories":[7],"tags":[],"class_list":{"0":"post-46068","1":"post","2":"type-post","3":"status-publish","4":"format-standard","5":"has-post-thumbnail","7":"category-policia"},"_links":{"self":[{"href":"https:\/\/senoticias.com.br\/se\/wp-json\/wp\/v2\/posts\/46068"}],"collection":[{"href":"https:\/\/senoticias.com.br\/se\/wp-json\/wp\/v2\/posts"}],"about":[{"href":"https:\/\/senoticias.com.br\/se\/wp-json\/wp\/v2\/types\/post"}],"author":[{"embeddable":true,"href":"https:\/\/senoticias.com.br\/se\/wp-json\/wp\/v2\/users\/1"}],"replies":[{"embeddable":true,"href":"https:\/\/senoticias.com.br\/se\/wp-json\/wp\/v2\/comments?post=46068"}],"version-history":[{"count":0,"href":"https:\/\/senoticias.com.br\/se\/wp-json\/wp\/v2\/posts\/46068\/revisions"}],"wp:featuredmedia":[{"embeddable":true,"href":"https:\/\/senoticias.com.br\/se\/wp-json\/wp\/v2\/media\/46069"}],"wp:attachment":[{"href":"https:\/\/senoticias.com.br\/se\/wp-json\/wp\/v2\/media?parent=46068"}],"wp:term":[{"taxonomy":"category","embeddable":true,"href":"https:\/\/senoticias.com.br\/se\/wp-json\/wp\/v2\/categories?post=46068"},{"taxonomy":"post_tag","embeddable":true,"href":"https:\/\/senoticias.com.br\/se\/wp-json\/wp\/v2\/tags?post=46068"}],"curies":[{"name":"wp","href":"https:\/\/api.w.org\/{rel}","templated":true}]}}