{"id":46062,"date":"2013-03-25T11:52:02","date_gmt":"2013-03-25T14:52:02","guid":{"rendered":"http:\/\/senoticias.com.br\/se\/?p=46062"},"modified":"2013-03-26T06:56:26","modified_gmt":"2013-03-26T09:56:26","slug":"prefeito-de-aracaju-prestigia-%e2%80%9chora-do-planeta%e2%80%9d","status":"publish","type":"post","link":"https:\/\/senoticias.com.br\/se\/prefeito-de-aracaju-prestigia-%e2%80%9chora-do-planeta%e2%80%9d\/","title":{"rendered":"Prefeito de Aracaju prestigia \u201cHora do Planeta\u201d"},"content":{"rendered":"<p>&nbsp;<\/p>\n<div id=\"attachment_46064\" style=\"width: 210px\" class=\"wp-caption alignleft\"><a href=\"http:\/\/senoticias.com.br\/se\/wp-content\/uploads\/2013\/03\/Jo\u00e3o.jpeg\"><img loading=\"lazy\" decoding=\"async\" aria-describedby=\"caption-attachment-46064\" class=\"size-full wp-image-46064\" title=\"Jo\u00e3o\" src=\"http:\/\/senoticias.com.br\/se\/wp-content\/uploads\/2013\/03\/Jo\u00e3o.jpeg\" alt=\"\" width=\"200\" height=\"134\" \/><\/a><p id=\"caption-attachment-46064\" class=\"wp-caption-text\">Prefeito falou sobre as preocupa\u00e7\u00f5es com o meio ambiente. (Foto: Sergio Silva)<\/p><\/div>\n<p style=\"text-align: justify;\">Promovido pela Rede WWF (O World Wide Fund for Nature- Fundo Mundial para a Natureza), ontem, dia 23, foi realizada no mirante da 13 de Julho a &#8220;Hora do Planeta&#8221;. Evento simb\u00f3lico onde empresas, governos e a popula\u00e7\u00e3o de um modo geral, desligam as luzes por uma hora demonstrando a preocupa\u00e7\u00e3o com o aquecimento global. O prefeito Jo\u00e3o Alves esteve prestigiando o evento evidenciando sua preocupa\u00e7\u00e3o com o meio ambiente.<\/p>\n<p style=\"text-align: justify;\">Aracaju participou do ato pela terceira vez e pontualmente as 20h30 o prefeito de Aracaju desligou as luzes do Mirante da 13 de Julho, participando do ato mundial. Este ano a Hora do Planeta, compartilhando a preocupa\u00e7\u00e3o com a UNESCO, chama aten\u00e7\u00e3o para os desafios decorrentes em torno dos recursos h\u00eddricos e tem como tema &#8220;Ano Internacional da Coopera\u00e7\u00e3o pela \u00c1gua&#8221;.<\/p>\n<p style=\"text-align: justify;\">Sempre preocupado com quest\u00f5es ambientais e grande admirador e estudioso sobre problemas causados pela escassez de \u00e1gua no mundo, Jo\u00e3o Alves Filho discursou parabenizando a iniciativa da WWF e destacando que, por conta do descontrole do homem no progresso e sem o estudo dos impactos causados no ambiente, o planeta j\u00e1 perdeu grande parte de \u00e1gua pot\u00e1vel.<\/p>\n<p style=\"text-align: justify;\">&#8220;Infelizmente j\u00e1 visitei todos os rios do mundo que morreram. O rio Amarelo na China secou mais de 500 km, \u00e9 como de Aracaju \u00e0 fronteira da Para\u00edba. \u00c1gua hoje \u00e9 considero o maior desafio do mil\u00eanio. De acordo com a CIA, haver\u00e3o mais guerras pela disputa da \u00e1gua no futuro do que tivemos no s\u00e9culo 20 pelo petr\u00f3leo&#8221;, disse o prefeito destacando que a \u00e1gua do subsolo em Pequim est\u00e1 60m abaixo do n\u00edvel normal. &#8220;A situa\u00e7\u00e3o \u00e9 t\u00e3o grave que estrategistas da China j\u00e1 est\u00e3o pensando em mudar a capital, porque chegar\u00e1 a um ponto que n\u00e3o haver\u00e1 mais \u00e1gua&#8221;.<\/p>\n<p style=\"text-align: justify;\">Jo\u00e3o Alves ainda disse sobre o estado deprimente do Rio S\u00e3o Francisco informando que 60% da popula\u00e7\u00e3o de Sergipe ficar\u00e1 sem \u00e1gua caso o rio morra. &#8220;Estamos com o projeto de revitaliza\u00e7\u00e3o pronto e a melhor not\u00edcia \u00e9 que todo o investimento feito no S\u00e3o Francisco ser\u00e1 recuperado, ele \u00e9 autossustent\u00e1vel. Hoje falamos o tempo todo em meio ambiente, mas o parece que n\u00e3o escutam principalmente, no que diz respeito ao nordeste brasileiro&#8221;.<\/p>\n<p style=\"text-align: justify;\">O secret\u00e1rio da rec\u00e9m-formada Secretaria do Meio Ambiente, Eduardo Matos, disse que a Hora do Planeta \u00e9 um momento de reflex\u00e3o do que estamos fazendo com o nosso planeta. &#8220;Temos que mudar o nosso comportamento. A WWF capitania isso e a cada ano milhares de cidades passam a adotar essa postura. Neste ano hist\u00f3rico que nasce a Secretaria do Meio Ambiente de Aracaju, devemos ressaltar que o sucesso dos projetos em benef\u00edcio do meio ambiente somente ser\u00e1 poss\u00edvel com a participa\u00e7\u00e3o do povo, para que assim possamos construir uma pol\u00edtica ambiental&#8221;.<\/p>\n<p style=\"text-align: justify;\">Uma das organizadoras do evento e afiliada da WWF em Sergipe, Magna Santana, ressaltou a import\u00e2ncia da participa\u00e7\u00e3o popular a projetos ambientais. &#8220;Cada um deve fazer a sua parte. N\u00e3o apenas as autoridades devem ser cobradas. Cada um de n\u00f3s tem um papel importante no planeta&#8221;, disse Magna ressaltando que atitudes simples cultivados no dia a dia, como apagar a luz e n\u00e3o desperdi\u00e7ar \u00e1gua modificar\u00e3o a atual situa\u00e7\u00e3o no mundo.<\/p>\n<p style=\"text-align: justify;\"><em><strong>Ag\u00eancia Aracaju de Not\u00edcias<\/strong><\/em><\/p>\n","protected":false},"excerpt":{"rendered":"<p>&nbsp; Promovido pela Rede WWF (O World Wide Fund for Nature- Fundo Mundial para a Natureza), ontem, dia 23, foi realizada no mirante da 13 de Julho a &#8220;Hora do Planeta&#8221;. Evento simb\u00f3lico onde empresas, governos e a popula\u00e7\u00e3o de um modo geral, desligam as luzes por uma hora demonstrando a preocupa\u00e7\u00e3o com o aquecimento [&hellip;]<\/p>\n","protected":false},"author":1,"featured_media":46064,"comment_status":"closed","ping_status":"closed","sticky":false,"template":"","format":"standard","meta":{"footnotes":""},"categories":[6],"tags":[],"class_list":{"0":"post-46062","1":"post","2":"type-post","3":"status-publish","4":"format-standard","5":"has-post-thumbnail","7":"category-politica"},"_links":{"self":[{"href":"https:\/\/senoticias.com.br\/se\/wp-json\/wp\/v2\/posts\/46062"}],"collection":[{"href":"https:\/\/senoticias.com.br\/se\/wp-json\/wp\/v2\/posts"}],"about":[{"href":"https:\/\/senoticias.com.br\/se\/wp-json\/wp\/v2\/types\/post"}],"author":[{"embeddable":true,"href":"https:\/\/senoticias.com.br\/se\/wp-json\/wp\/v2\/users\/1"}],"replies":[{"embeddable":true,"href":"https:\/\/senoticias.com.br\/se\/wp-json\/wp\/v2\/comments?post=46062"}],"version-history":[{"count":0,"href":"https:\/\/senoticias.com.br\/se\/wp-json\/wp\/v2\/posts\/46062\/revisions"}],"wp:featuredmedia":[{"embeddable":true,"href":"https:\/\/senoticias.com.br\/se\/wp-json\/wp\/v2\/media\/46064"}],"wp:attachment":[{"href":"https:\/\/senoticias.com.br\/se\/wp-json\/wp\/v2\/media?parent=46062"}],"wp:term":[{"taxonomy":"category","embeddable":true,"href":"https:\/\/senoticias.com.br\/se\/wp-json\/wp\/v2\/categories?post=46062"},{"taxonomy":"post_tag","embeddable":true,"href":"https:\/\/senoticias.com.br\/se\/wp-json\/wp\/v2\/tags?post=46062"}],"curies":[{"name":"wp","href":"https:\/\/api.w.org\/{rel}","templated":true}]}}