{"id":46058,"date":"2013-03-25T09:50:41","date_gmt":"2013-03-25T12:50:41","guid":{"rendered":"http:\/\/senoticias.com.br\/se\/?p=46058"},"modified":"2013-03-25T10:58:22","modified_gmt":"2013-03-25T13:58:22","slug":"46058","status":"publish","type":"post","link":"https:\/\/senoticias.com.br\/se\/46058\/","title":{"rendered":"Duas pessoas presas por desvio e fraude em abastecimento de \u00e1gua em Carira"},"content":{"rendered":"<div id=\"attachment_46059\" style=\"width: 310px\" class=\"wp-caption alignleft\"><a href=\"http:\/\/senoticias.com.br\/se\/wp-content\/uploads\/2013\/03\/img514cba112ab29.jpg\"><img loading=\"lazy\" decoding=\"async\" aria-describedby=\"caption-attachment-46059\" class=\"size-medium wp-image-46059\" title=\"img514cba112ab29\" src=\"http:\/\/senoticias.com.br\/se\/wp-content\/uploads\/2013\/03\/img514cba112ab29-300x225.jpg\" alt=\"\" width=\"300\" height=\"225\" srcset=\"https:\/\/senoticias.com.br\/se\/wp-content\/uploads\/2013\/03\/img514cba112ab29-300x225.jpg 300w, https:\/\/senoticias.com.br\/se\/wp-content\/uploads\/2013\/03\/img514cba112ab29-1024x768.jpg 1024w, https:\/\/senoticias.com.br\/se\/wp-content\/uploads\/2013\/03\/img514cba112ab29-342x256.jpg 342w, https:\/\/senoticias.com.br\/se\/wp-content\/uploads\/2013\/03\/img514cba112ab29-60x45.jpg 60w, https:\/\/senoticias.com.br\/se\/wp-content\/uploads\/2013\/03\/img514cba112ab29-150x113.jpg 150w, https:\/\/senoticias.com.br\/se\/wp-content\/uploads\/2013\/03\/img514cba112ab29-269x201.jpg 269w, https:\/\/senoticias.com.br\/se\/wp-content\/uploads\/2013\/03\/img514cba112ab29.jpg 1600w\" sizes=\"(max-width: 300px) 100vw, 300px\" \/><\/a><p id=\"caption-attachment-46059\" class=\"wp-caption-text\">Os meliantes usaram uma m\u00e1quina retroescavadeira para fazer um tanque e reter a \u00e1gua desviada das adutoras (Foto: Ascom\/Deso)<\/p><\/div>\n<p style=\"text-align: justify;\">A Companhia de Saneamento de Sergipe (Deso), identificou na manh\u00e3 desta sexta-feira, 22, um desvio e furto de \u00e1gua no munic\u00edpio de Carica, munic\u00edpio do semi\u00e1rido sergipano. Na ocasi\u00e3o, mais de 15 mil moradores do munic\u00edpio ficaram sem \u00e1gua nas torneiras desde a \u00faltima quinta-feira (21).<\/p>\n<p style=\"text-align: justify;\">O desabastecimento aconteceu depois que as duas adutoras do Sistema Integrado Sertaneja terem sido perfuradas por empregados de uma fazenda que pretendiam atender interesses particulares do dono. A fraude foi identificada por conta de um sistema de automa\u00e7\u00e3o implantado nas adutoras, a Deso verificou que a vaz\u00e3o de \u00e1gua havia sofrido uma diminui\u00e7\u00e3o em Carira.<\/p>\n<p style=\"text-align: justify;\">Para o supervisor Operacional da Deso, Francisco Jos\u00e9 Soares de Oliveira, uma equipe foi enviada para fazer uma verifica\u00e7\u00e3o na rede, quando foi informada pelos moradores do local sobre o corte das duas adutoras. Na regi\u00e3o, duas pessoas foram identificadas consumindo a \u00e1gua desviada da cidade.<\/p>\n<p style=\"text-align: justify;\">Os meliantes usaram uma m\u00e1quina retroescavadeira para fazer um tanque e reter a \u00e1gua desviada das adutoras na propriedade privada. As comunidades foram totalmente prejudicadas pelo desvio. Sem falar em escolas, \u00f3rg\u00e3os p\u00fablicos municipais e o posto de sa\u00fade de Carira.<\/p>\n<p style=\"text-align: justify;\"><strong>Por Paulo Renan, com informa\u00e7\u00f5es da Ascom Deso<\/strong><\/p>\n","protected":false},"excerpt":{"rendered":"<p>A Companhia de Saneamento de Sergipe (Deso), identificou na manh\u00e3 desta sexta-feira, 22, um desvio e furto de \u00e1gua no munic\u00edpio de Carica, munic\u00edpio do semi\u00e1rido sergipano. Na ocasi\u00e3o, mais de 15 mil moradores do munic\u00edpio ficaram sem \u00e1gua nas torneiras desde a \u00faltima quinta-feira (21). O desabastecimento aconteceu depois que as duas adutoras do [&hellip;]<\/p>\n","protected":false},"author":1,"featured_media":46059,"comment_status":"closed","ping_status":"closed","sticky":false,"template":"","format":"standard","meta":{"footnotes":""},"categories":[7],"tags":[],"class_list":{"0":"post-46058","1":"post","2":"type-post","3":"status-publish","4":"format-standard","5":"has-post-thumbnail","7":"category-policia"},"_links":{"self":[{"href":"https:\/\/senoticias.com.br\/se\/wp-json\/wp\/v2\/posts\/46058"}],"collection":[{"href":"https:\/\/senoticias.com.br\/se\/wp-json\/wp\/v2\/posts"}],"about":[{"href":"https:\/\/senoticias.com.br\/se\/wp-json\/wp\/v2\/types\/post"}],"author":[{"embeddable":true,"href":"https:\/\/senoticias.com.br\/se\/wp-json\/wp\/v2\/users\/1"}],"replies":[{"embeddable":true,"href":"https:\/\/senoticias.com.br\/se\/wp-json\/wp\/v2\/comments?post=46058"}],"version-history":[{"count":0,"href":"https:\/\/senoticias.com.br\/se\/wp-json\/wp\/v2\/posts\/46058\/revisions"}],"wp:featuredmedia":[{"embeddable":true,"href":"https:\/\/senoticias.com.br\/se\/wp-json\/wp\/v2\/media\/46059"}],"wp:attachment":[{"href":"https:\/\/senoticias.com.br\/se\/wp-json\/wp\/v2\/media?parent=46058"}],"wp:term":[{"taxonomy":"category","embeddable":true,"href":"https:\/\/senoticias.com.br\/se\/wp-json\/wp\/v2\/categories?post=46058"},{"taxonomy":"post_tag","embeddable":true,"href":"https:\/\/senoticias.com.br\/se\/wp-json\/wp\/v2\/tags?post=46058"}],"curies":[{"name":"wp","href":"https:\/\/api.w.org\/{rel}","templated":true}]}}