{"id":46055,"date":"2013-03-25T05:45:15","date_gmt":"2013-03-25T08:45:15","guid":{"rendered":"http:\/\/senoticias.com.br\/se\/?p=46055"},"modified":"2013-03-25T23:23:00","modified_gmt":"2013-03-26T02:23:00","slug":"hudson-esta-doente-bebe-demais-e-nao-come-afirma-pai-do-sertanejo","status":"publish","type":"post","link":"https:\/\/senoticias.com.br\/se\/hudson-esta-doente-bebe-demais-e-nao-come-afirma-pai-do-sertanejo\/","title":{"rendered":"&#8216;Hudson est\u00e1 doente, bebe demais e n\u00e3o come&#8217;, afirma pai do sertanejo"},"content":{"rendered":"<p style=\"text-align: justify;\"><span style=\"color: #333333;\"><em><strong>G1 Piracicaba<\/strong><\/em><\/span><\/p>\n<p style=\"text-align: justify;\">&#8220;Meu filho est\u00e1 doente.&#8221; A afirma\u00e7\u00e3o, revelada ao Fant\u00e1stico (veja v\u00eddeo ao lado), \u00e9 de Jer\u00f4nimo Silva, de 70 anos, pai do cantor Udson Cadorini Silva, da dupla sertaneja Edson &amp; Hudson. O m\u00fasico saiu da pris\u00e3o na tarde deste s\u00e1bado (23), ap\u00f3s ser preso por porte ilegal de armas duas vezes na \u00faltima quarta-feira (20), em Limeira (SP).Em entrevista neste domingo (24), Jer\u00f4nimo afirma que Hudson (nome art\u00edstico de Udson) &#8220;\u00e9 um menino bom, mas bebe demais&#8221;. O sertanejo tem 40 anos e, segundo o pai, n\u00e3o est\u00e1 bem. &#8220;Bebe muito whisky, sabe? Muito whisky. Ent\u00e3o, sinto que ele est\u00e1 fraquejado. Muito magro. Ele n\u00e3o come. Meu filho est\u00e1 doente. Ele canta doente.&#8221;<\/p>\n<p style=\"text-align: justify;\">Ap\u00f3s sair da pris\u00e3o, Hudson tamb\u00e9m falou ao Fant\u00e1stico sobre os dias que passou preso e o problema com as bebidas. &#8220;Colocaram roupa de presidi\u00e1rio em mim, rasparam minha cabe\u00e7a e me colocaram em uma cela&#8221;, disse o cantor, que teve pris\u00e3o preventiva decretada na sexta-feira (22) e foi levado para o CDP (Centro de Deten\u00e7\u00e3o Provis\u00f3ria) de Piracicaba (SP) antes de ser transferido para uma penitenci\u00e1ria de Trememb\u00e9, tamb\u00e9m no interior de S\u00e3o Paulo.<\/p>\n<div id=\"attachment_46056\" style=\"width: 605px\" class=\"wp-caption aligncenter\"><a href=\"http:\/\/senoticias.com.br\/se\/wp-content\/uploads\/2013\/03\/Armas1.jpg\"><img loading=\"lazy\" decoding=\"async\" aria-describedby=\"caption-attachment-46056\" class=\"size-full wp-image-46056\" title=\"Armas\" src=\"http:\/\/senoticias.com.br\/se\/wp-content\/uploads\/2013\/03\/Armas1.jpg\" alt=\"\" width=\"595\" height=\"446\" srcset=\"https:\/\/senoticias.com.br\/se\/wp-content\/uploads\/2013\/03\/Armas1.jpg 595w, https:\/\/senoticias.com.br\/se\/wp-content\/uploads\/2013\/03\/Armas1-300x224.jpg 300w, https:\/\/senoticias.com.br\/se\/wp-content\/uploads\/2013\/03\/Armas1-342x256.jpg 342w, https:\/\/senoticias.com.br\/se\/wp-content\/uploads\/2013\/03\/Armas1-60x45.jpg 60w, https:\/\/senoticias.com.br\/se\/wp-content\/uploads\/2013\/03\/Armas1-150x113.jpg 150w, https:\/\/senoticias.com.br\/se\/wp-content\/uploads\/2013\/03\/Armas1-269x201.jpg 269w\" sizes=\"(max-width: 595px) 100vw, 595px\" \/><\/a><p id=\"caption-attachment-46056\" class=\"wp-caption-text\">Armas e muni\u00e7\u00f5es apreendidas na casa do cantor (Foto: Edison Temoteo\/Futura Press\/Estad\u00e3o Conte\u00fado)<\/p><\/div>\n<p style=\"text-align: justify;\">Sobre o \u00e1lcool, Hudson afirmou: \u201cTudo o que \u00e9 ruim, que fazia mal para minha sa\u00fade, eu n\u00e3o quero mexer mais. Com a bebida eu j\u00e1 diminui 90%. N\u00e3o vou dizer que eu n\u00e3o bebo porque n\u00e3o sou hip\u00f3crita. E eu gosto de tomar de vez em quando um whiskizinho&#8221;.<\/p>\n<p style=\"text-align: justify;\">Edson e Hudson cantam juntos h\u00e1 mais de 30 anos, mas a dupla se separou, entre 2010 e 2011, por problemas pessoais. Entre eles, a bebida. \u201cBebida ajuda algu\u00e9m? Bebida \u00e9 uma droga t\u00e3o pesada quanto coca\u00edna\u201d, disse Edson, tamb\u00e9m ao Fant\u00e1stico.<\/p>\n<p style=\"text-align: justify;\">Depois da morte de Larissa, outra ex-mulher do cantor, no fim do ano passado, Hudson diz que entrou em depress\u00e3o. \u201cA vida que eu estava vivendo pra morrer seria melhor. Ent\u00e3o eu acabei emagrecendo, estava bebendo demais, fumando muito cigarro\u201d, diz.<\/p>\n<p style=\"text-align: justify;\"><strong>Duas pris\u00f5es em um dia<\/strong><\/p>\n<p style=\"text-align: justify;\">A Pol\u00edcia Militar abordou o m\u00fasico em uma rua do bairro Vila Cl\u00e1udia, em Limeira na madrugada de quarta e encontrou no carro dele uma pistola 380, um rev\u00f3lver 38, um canivete, um soco-ingl\u00eas e uma faca de cozinha.<\/p>\n<p style=\"text-align: justify;\">Hudson pagou R$ 6 mil de fian\u00e7a e foi solto. Logo ap\u00f3s deixar a delegacia, ele disse ao G1 que \u00e9 colecionador e que havia esquecido que as armas estavam no ve\u00edculo.<\/p>\n<p style=\"text-align: justify;\">Quem chamou a pol\u00edcia na madrugada de quarta foi uma ex-mulher do cantor, ap\u00f3s ele mandar mensagem de celular avisando que iria at\u00e9 a casa dela. O marido da ex-esposa do cantor disse que sabia que Hudson tinha armas e por isso avisou policiais.<\/p>\n<p style=\"text-align: justify;\">O cantor foi preso novamente na noite de quarta depois que policiais militares, baseados em den\u00fancia an\u00f4nima e com mandado de busca e apreens\u00e3o, foram \u00e0 casa dele e encontraram uma carabina, uma bereta, muni\u00e7\u00f5es de uso proibido e maconha.<\/p>\n<p style=\"text-align: justify;\">O sertanejo teve liberdade provis\u00f3ria concedida pela Justi\u00e7a na noite de quinta-feira (21) e poderia deixar a cela da delegacia de Limeira se pagasse uma segunda fian\u00e7a de R$ 12 mil. A pris\u00e3o preventiva decretada na sexta, por\u00e9m, anulou a liberdade provis\u00f3ria.<\/p>\n<p style=\"text-align: justify;\"><strong>Habeas corpus<\/strong><\/p>\n<p style=\"text-align: justify;\">O Tribunal de Justi\u00e7a (TJ) de S\u00e3o Paulo concedeu na tarde de s\u00e1bado um habeas corpus ao m\u00fasico, dando a ele o direito de responder em liberdade. &#8220;A pris\u00e3o preventiva foi arbitr\u00e1ria. O n\u00e3o tem antecedentes criminais&#8221;, afirmou o advogado Manoel dos Reis Andrade Neto.<\/p>\n<p style=\"text-align: justify;\">Com o habeas corpus, o cantor deixou a penitenci\u00e1ria de Trememb\u00e9 por volta das 17h40 de s\u00e1bado (23). &#8220;Sou t\u00e3o inocente que eu n\u00e3o me preocupei que isso ia me prejudicar e no final prejudicou mais do que eu imaginava. Nunca fui assassino, traficante, nunca fui ladr\u00e3o&#8221;, disse Hudson ao sair da pris\u00e3o.<\/p>\n","protected":false},"excerpt":{"rendered":"<p>G1 Piracicaba &#8220;Meu filho est\u00e1 doente.&#8221; A afirma\u00e7\u00e3o, revelada ao Fant\u00e1stico (veja v\u00eddeo ao lado), \u00e9 de Jer\u00f4nimo Silva, de 70 anos, pai do cantor Udson Cadorini Silva, da dupla sertaneja Edson &amp; Hudson. O m\u00fasico saiu da pris\u00e3o na tarde deste s\u00e1bado (23), ap\u00f3s ser preso por porte ilegal de armas duas vezes na [&hellip;]<\/p>\n","protected":false},"author":1,"featured_media":46056,"comment_status":"closed","ping_status":"closed","sticky":false,"template":"","format":"standard","meta":{"footnotes":""},"categories":[310,1],"tags":[],"class_list":{"0":"post-46055","1":"post","2":"type-post","3":"status-publish","4":"format-standard","5":"has-post-thumbnail","7":"category-destaques-da-semana","8":"category-sem-categoria"},"_links":{"self":[{"href":"https:\/\/senoticias.com.br\/se\/wp-json\/wp\/v2\/posts\/46055"}],"collection":[{"href":"https:\/\/senoticias.com.br\/se\/wp-json\/wp\/v2\/posts"}],"about":[{"href":"https:\/\/senoticias.com.br\/se\/wp-json\/wp\/v2\/types\/post"}],"author":[{"embeddable":true,"href":"https:\/\/senoticias.com.br\/se\/wp-json\/wp\/v2\/users\/1"}],"replies":[{"embeddable":true,"href":"https:\/\/senoticias.com.br\/se\/wp-json\/wp\/v2\/comments?post=46055"}],"version-history":[{"count":0,"href":"https:\/\/senoticias.com.br\/se\/wp-json\/wp\/v2\/posts\/46055\/revisions"}],"wp:featuredmedia":[{"embeddable":true,"href":"https:\/\/senoticias.com.br\/se\/wp-json\/wp\/v2\/media\/46056"}],"wp:attachment":[{"href":"https:\/\/senoticias.com.br\/se\/wp-json\/wp\/v2\/media?parent=46055"}],"wp:term":[{"taxonomy":"category","embeddable":true,"href":"https:\/\/senoticias.com.br\/se\/wp-json\/wp\/v2\/categories?post=46055"},{"taxonomy":"post_tag","embeddable":true,"href":"https:\/\/senoticias.com.br\/se\/wp-json\/wp\/v2\/tags?post=46055"}],"curies":[{"name":"wp","href":"https:\/\/api.w.org\/{rel}","templated":true}]}}