{"id":46051,"date":"2013-03-24T19:09:48","date_gmt":"2013-03-24T22:09:48","guid":{"rendered":"http:\/\/senoticias.com.br\/se\/?p=46051"},"modified":"2013-03-26T06:40:00","modified_gmt":"2013-03-26T09:40:00","slug":"bonecos-de-judas-sao-vendidos-a-r-5000-em-aracaju","status":"publish","type":"post","link":"https:\/\/senoticias.com.br\/se\/bonecos-de-judas-sao-vendidos-a-r-5000-em-aracaju\/","title":{"rendered":"Bonecos de Judas s\u00e3o vendidos a R$ 50,00 em Aracaju"},"content":{"rendered":"<p style=\"text-align: justify;\">Os moradores de Aracaju s\u00e3o privilegiados em mat\u00e9ria de bonecos de Judas. No Povoado Gameleira, Zona de Expans\u00e3o da capital sergipana fam\u00edlias atravessam o ano adquirindo e juntando a mat\u00e9ria-prima e fabricando artesanalmente os bonecos, para, na semana que antecede o S\u00e1bado de Aleluia, venderem ao longo da Rodovia dos N\u00e1ufragos.<\/p>\n<div id=\"attachment_46052\" style=\"width: 605px\" class=\"wp-caption aligncenter\"><a href=\"http:\/\/senoticias.com.br\/se\/wp-content\/uploads\/2013\/03\/judas.jpg\"><img loading=\"lazy\" decoding=\"async\" aria-describedby=\"caption-attachment-46052\" class=\"size-full wp-image-46052\" title=\"judas\" src=\"http:\/\/senoticias.com.br\/se\/wp-content\/uploads\/2013\/03\/judas.jpg\" alt=\"\" width=\"595\" height=\"441\" srcset=\"https:\/\/senoticias.com.br\/se\/wp-content\/uploads\/2013\/03\/judas.jpg 595w, https:\/\/senoticias.com.br\/se\/wp-content\/uploads\/2013\/03\/judas-300x222.jpg 300w, https:\/\/senoticias.com.br\/se\/wp-content\/uploads\/2013\/03\/judas-342x253.jpg 342w, https:\/\/senoticias.com.br\/se\/wp-content\/uploads\/2013\/03\/judas-60x45.jpg 60w\" sizes=\"(max-width: 595px) 100vw, 595px\" \/><\/a><p id=\"caption-attachment-46052\" class=\"wp-caption-text\">Venda de bonecos de Judas movimentam a Zona Sul de Aracaju (Foto: Divulga\u00e7\u00e3o\/Jos\u00e9 Firmo\/ADCAR)<\/p><\/div>\n<p style=\"text-align: justify;\">Para os compradores \u00e9 uma boa op\u00e7\u00e3o, j\u00e1 que os bonecos custam cerca de R$ 50,00.<\/p>\n<p style=\"text-align: justify;\">O pre\u00e7o atrativo \u00e9 uma das vantagens para as fam\u00edlias que produzem os bonecos. A farta, barata e, \u00e0s vezes, gratuita mat\u00e9ria-prima contribui para que o pre\u00e7o saia mais em conta para os que querem malhar o Judas.<\/p>\n<p style=\"text-align: justify;\">As roupas usadas s\u00e3o adquiridas nos bazares, nas feiras de usados e recebidas de fam\u00edlias que doam. Os enchimentos e cocos usados para a confec\u00e7\u00e3o das cabe\u00e7as s\u00e3o extra\u00eddos e coletados nas vizinhan\u00e7as.<\/p>\n<p style=\"text-align: justify;\">As fam\u00edlias costumam se juntar nas varandas das casas ou nas sobras das mangueiras para, juntos, costurarem os bonecos. Cada um tem uma fun\u00e7\u00e3o da confec\u00e7\u00e3o dos Judas e tudo \u00e9 feito artesanalmente e at\u00e9 mesmo com improvisos.<\/p>\n<p style=\"text-align: justify;\">As fam\u00edlias que fabricam os bonecos ganham um dinheiro extra e os compradores ganham com a facilidade na aquisi\u00e7\u00e3o dos bonecos para malha\u00e7\u00e3o na noite do S\u00e1bado de Aleluia.<\/p>\n<p style=\"text-align: justify;\">O Povoado Gameleira j\u00e1 se tornou ponto de atra\u00e7\u00e3o para visitantes e turistas, que v\u00eam para comprar o boneco e at\u00e9 para filmar e fotografar.<\/p>\n<p><em><strong> Assessoria de Imprensa da \u00a0ADCAR<\/strong><\/em><\/p>\n","protected":false},"excerpt":{"rendered":"<p>Os moradores de Aracaju s\u00e3o privilegiados em mat\u00e9ria de bonecos de Judas. No Povoado Gameleira, Zona de Expans\u00e3o da capital sergipana fam\u00edlias atravessam o ano adquirindo e juntando a mat\u00e9ria-prima e fabricando artesanalmente os bonecos, para, na semana que antecede o S\u00e1bado de Aleluia, venderem ao longo da Rodovia dos N\u00e1ufragos. Para os compradores \u00e9 [&hellip;]<\/p>\n","protected":false},"author":1,"featured_media":46052,"comment_status":"closed","ping_status":"closed","sticky":false,"template":"","format":"standard","meta":{"footnotes":""},"categories":[310,1],"tags":[],"class_list":{"0":"post-46051","1":"post","2":"type-post","3":"status-publish","4":"format-standard","5":"has-post-thumbnail","7":"category-destaques-da-semana","8":"category-sem-categoria"},"_links":{"self":[{"href":"https:\/\/senoticias.com.br\/se\/wp-json\/wp\/v2\/posts\/46051"}],"collection":[{"href":"https:\/\/senoticias.com.br\/se\/wp-json\/wp\/v2\/posts"}],"about":[{"href":"https:\/\/senoticias.com.br\/se\/wp-json\/wp\/v2\/types\/post"}],"author":[{"embeddable":true,"href":"https:\/\/senoticias.com.br\/se\/wp-json\/wp\/v2\/users\/1"}],"replies":[{"embeddable":true,"href":"https:\/\/senoticias.com.br\/se\/wp-json\/wp\/v2\/comments?post=46051"}],"version-history":[{"count":0,"href":"https:\/\/senoticias.com.br\/se\/wp-json\/wp\/v2\/posts\/46051\/revisions"}],"wp:featuredmedia":[{"embeddable":true,"href":"https:\/\/senoticias.com.br\/se\/wp-json\/wp\/v2\/media\/46052"}],"wp:attachment":[{"href":"https:\/\/senoticias.com.br\/se\/wp-json\/wp\/v2\/media?parent=46051"}],"wp:term":[{"taxonomy":"category","embeddable":true,"href":"https:\/\/senoticias.com.br\/se\/wp-json\/wp\/v2\/categories?post=46051"},{"taxonomy":"post_tag","embeddable":true,"href":"https:\/\/senoticias.com.br\/se\/wp-json\/wp\/v2\/tags?post=46051"}],"curies":[{"name":"wp","href":"https:\/\/api.w.org\/{rel}","templated":true}]}}