{"id":46047,"date":"2013-03-24T13:27:56","date_gmt":"2013-03-24T16:27:56","guid":{"rendered":"http:\/\/senoticias.com.br\/se\/?p=46047"},"modified":"2013-03-24T13:27:56","modified_gmt":"2013-03-24T16:27:56","slug":"show-de-fernandinho-encerra-a-programacao-do-exaltai-em-caninde","status":"publish","type":"post","link":"https:\/\/senoticias.com.br\/se\/show-de-fernandinho-encerra-a-programacao-do-exaltai-em-caninde\/","title":{"rendered":"Show de Fernandinho encerra a programa\u00e7\u00e3o do Exaltai em Canind\u00e9."},"content":{"rendered":"<p>&nbsp;<\/p>\n<div id=\"attachment_46048\" style=\"width: 310px\" class=\"wp-caption alignleft\"><a href=\"http:\/\/senoticias.com.br\/se\/wp-content\/uploads\/2013\/03\/Exaltai-2013_.jpg\"><img loading=\"lazy\" decoding=\"async\" aria-describedby=\"caption-attachment-46048\" class=\"size-medium wp-image-46048\" title=\"\" src=\"http:\/\/senoticias.com.br\/se\/wp-content\/uploads\/2013\/03\/Exaltai-2013_-300x200.jpg\" alt=\"\" width=\"300\" height=\"200\" srcset=\"https:\/\/senoticias.com.br\/se\/wp-content\/uploads\/2013\/03\/Exaltai-2013_-300x200.jpg 300w, https:\/\/senoticias.com.br\/se\/wp-content\/uploads\/2013\/03\/Exaltai-2013_-342x228.jpg 342w, https:\/\/senoticias.com.br\/se\/wp-content\/uploads\/2013\/03\/Exaltai-2013_.jpg 512w\" sizes=\"(max-width: 300px) 100vw, 300px\" \/><\/a><p id=\"caption-attachment-46048\" class=\"wp-caption-text\">Show de Fernandinho encerra a programa\u00e7\u00e3o do Exaltai em Canind\u00e9. (Foto: Secom\/Canind\u00e9)<\/p><\/div>\n<p style=\"text-align: justify;\">Sergipano, Fernandinho \u00e9 hoje uma das maiores atra\u00e7\u00f5es do seguimento gospel no Brasil. Ontem, 22, ele subiu no palco do I Exaltai, que aconteceu na cidade de Canind\u00e9 de S\u00e3o Francisco em comemora\u00e7\u00f5es ao anivers\u00e1rio da cidade. O evento faz parte do calend\u00e1rio, fruto de um projeto de lei do ex-vereador Linduarte Torres, que criou o \u201cDia de Louvor em Canind\u00e9\u201d e teve aprova\u00e7\u00e3o, na \u00e9poca, de todos os vereadores da Casa legislativa. Em todos os seus trabalhos, Fernandinho mant\u00eam-se fiel ao seu estilo de adorador que o consagrou no meio evang\u00e9lico e hoje, suas m\u00fasicas s\u00e3o queridas e cantadas em tantas igrejas.<\/p>\n<p style=\"text-align: justify;\">Diversas caravanas de cidades de Sergipe, Bahia, Alagoas e Pernambuco estiveram presentes, trazendo jovens que se identificam com a m\u00fasica apresenta pelo Pastor artista. Foi impressionante a energia transmitida por Fernandinho durante os momentos de louvor.<\/p>\n<p style=\"text-align: justify;\">Presente ao evento, o prefeito de Canind\u00e9, Heleno Silva, que \u00e9 tamb\u00e9m pastor evang\u00e9lico, disse estar impressionado com a de tantos jovens para ouvir e louvar a palavra de Deus, sendo eles de v\u00e1rias religi\u00f5es. Ele fez uma sauda\u00e7\u00e3o especial antes da apresenta\u00e7\u00e3o do artista e convidou a todos para estarem juntos nos pr\u00f3ximos eventos que a cidade realizar\u00e1.<\/p>\n<p style=\"text-align: justify;\"><strong>Secom\/Canind\u00e9-SE.<\/strong><\/p>\n","protected":false},"excerpt":{"rendered":"<p>&nbsp; Sergipano, Fernandinho \u00e9 hoje uma das maiores atra\u00e7\u00f5es do seguimento gospel no Brasil. Ontem, 22, ele subiu no palco do I Exaltai, que aconteceu na cidade de Canind\u00e9 de S\u00e3o Francisco em comemora\u00e7\u00f5es ao anivers\u00e1rio da cidade. O evento faz parte do calend\u00e1rio, fruto de um projeto de lei do ex-vereador Linduarte Torres, que [&hellip;]<\/p>\n","protected":false},"author":1,"featured_media":46048,"comment_status":"closed","ping_status":"closed","sticky":false,"template":"","format":"standard","meta":{"footnotes":""},"categories":[6],"tags":[],"class_list":{"0":"post-46047","1":"post","2":"type-post","3":"status-publish","4":"format-standard","5":"has-post-thumbnail","7":"category-politica"},"_links":{"self":[{"href":"https:\/\/senoticias.com.br\/se\/wp-json\/wp\/v2\/posts\/46047"}],"collection":[{"href":"https:\/\/senoticias.com.br\/se\/wp-json\/wp\/v2\/posts"}],"about":[{"href":"https:\/\/senoticias.com.br\/se\/wp-json\/wp\/v2\/types\/post"}],"author":[{"embeddable":true,"href":"https:\/\/senoticias.com.br\/se\/wp-json\/wp\/v2\/users\/1"}],"replies":[{"embeddable":true,"href":"https:\/\/senoticias.com.br\/se\/wp-json\/wp\/v2\/comments?post=46047"}],"version-history":[{"count":0,"href":"https:\/\/senoticias.com.br\/se\/wp-json\/wp\/v2\/posts\/46047\/revisions"}],"wp:featuredmedia":[{"embeddable":true,"href":"https:\/\/senoticias.com.br\/se\/wp-json\/wp\/v2\/media\/46048"}],"wp:attachment":[{"href":"https:\/\/senoticias.com.br\/se\/wp-json\/wp\/v2\/media?parent=46047"}],"wp:term":[{"taxonomy":"category","embeddable":true,"href":"https:\/\/senoticias.com.br\/se\/wp-json\/wp\/v2\/categories?post=46047"},{"taxonomy":"post_tag","embeddable":true,"href":"https:\/\/senoticias.com.br\/se\/wp-json\/wp\/v2\/tags?post=46047"}],"curies":[{"name":"wp","href":"https:\/\/api.w.org\/{rel}","templated":true}]}}