{"id":46036,"date":"2013-03-23T19:19:56","date_gmt":"2013-03-23T22:19:56","guid":{"rendered":"http:\/\/senoticias.com.br\/se\/?p=46036"},"modified":"2013-03-25T11:57:49","modified_gmt":"2013-03-25T14:57:49","slug":"cprv-realiza-fiscalizacao-autua-116-condutores-e-recupera-veiculo-roubado","status":"publish","type":"post","link":"https:\/\/senoticias.com.br\/se\/cprv-realiza-fiscalizacao-autua-116-condutores-e-recupera-veiculo-roubado\/","title":{"rendered":"CPRv realiza fiscaliza\u00e7\u00e3o,  autua 116 condutores e recupera ve\u00edculo roubado"},"content":{"rendered":"<div id=\"attachment_46037\" style=\"width: 310px\" class=\"wp-caption alignleft\"><a href=\"http:\/\/senoticias.com.br\/se\/wp-content\/uploads\/2013\/03\/CPRv.jpg\"><img loading=\"lazy\" decoding=\"async\" aria-describedby=\"caption-attachment-46037\" class=\"size-medium wp-image-46037\" title=\"CPRv\" src=\"http:\/\/senoticias.com.br\/se\/wp-content\/uploads\/2013\/03\/CPRv-300x225.jpg\" alt=\"\" width=\"300\" height=\"225\" srcset=\"https:\/\/senoticias.com.br\/se\/wp-content\/uploads\/2013\/03\/CPRv-300x225.jpg 300w, https:\/\/senoticias.com.br\/se\/wp-content\/uploads\/2013\/03\/CPRv-342x256.jpg 342w, https:\/\/senoticias.com.br\/se\/wp-content\/uploads\/2013\/03\/CPRv-60x45.jpg 60w, https:\/\/senoticias.com.br\/se\/wp-content\/uploads\/2013\/03\/CPRv-150x113.jpg 150w, https:\/\/senoticias.com.br\/se\/wp-content\/uploads\/2013\/03\/CPRv-269x201.jpg 269w, https:\/\/senoticias.com.br\/se\/wp-content\/uploads\/2013\/03\/CPRv.jpg 389w\" sizes=\"(max-width: 300px) 100vw, 300px\" \/><\/a><p id=\"caption-attachment-46037\" class=\"wp-caption-text\">Sede da Cia de Pol\u00edcia Rodovi\u00e1ria Estadual. (Foto: Divulga\u00e7\u00e3o)<\/p><\/div>\n<p style=\"text-align: justify;\">A Pol\u00edcia Militar, atrav\u00e9s da Companhia de Pol\u00edcia Militar Rodovi\u00e1ria \u2013 CPRv, encerrou na noite dessa sexta-feira (22), uma grande opera\u00e7\u00e3o nas rodovias que fazem parte da Rota do Sert\u00e3o. Um efetivo de doze policiais do t\u00e1tico rodovi\u00e1rio, com apoio de quatro viaturas e tr\u00eas motocicletas, percorreram as rodovias SE 179 e SE 325 (Carira), SE 175 (Nossa Senhora da Gl\u00f3ria) e SE 230 (Monte Alegre).<\/p>\n<p style=\"text-align: justify;\">A opera\u00e7\u00e3o teve como objetivo intensificar o policiamento de tr\u00e2nsito na regi\u00e3o, efetuando a\u00e7\u00f5es preventivas, principalmente no tocante ao uso do capacete de seguran\u00e7a, retirar de circula\u00e7\u00e3o ve\u00edculos em mau estado de conserva\u00e7\u00e3o e com restri\u00e7\u00f5es judiciais. Durante a opera\u00e7\u00e3o 38 (trinta e oito) ve\u00edculos foram removidos ao p\u00e1tio do DETRAN\/SE e 116 (cento e dezesseis) condutores foram autuados.<\/p>\n<p style=\"text-align: justify;\">Os policiais tamb\u00e9m conseguiram recuperar na rodovia SE 230, munic\u00edpio de Nossa Senhora da Gl\u00f3ria, o ve\u00edculo marca\/modelo FIAT UNO, placa LPK 6559\/RJ, cor AZUL, que possu\u00ed restri\u00e7\u00f5es de roubo e furto, sendo o condutor e o ve\u00edculo conduzidos at\u00e9 a Delegacia Regional de Nossa Senhora da Gl\u00f3ria.<\/p>\n<p style=\"text-align: justify;\">Para o tenente Moura, comandante do t\u00e1tico rodovi\u00e1rio da CPRv, \u201cAs a\u00e7\u00f5es preventivas que a Companhia vem desenvolvendo diariamente nas rodovias estaduais, s\u00e3o muito importante para a preserva\u00e7\u00e3o da seguran\u00e7a dos condutores e passageiros, proporcionando as pessoas uma maior tranquilidade em seus deslocamentos\u201d.<\/p>\n<p style=\"text-align: justify;\">A CPRv lembra que em casos de urg\u00eancias, emerg\u00eancias, animais soltos e denuncia nas rodovias estaduais, o cidad\u00e3o deve ligar para o telefone 198, de qualquer regi\u00e3o do Estado.<\/p>\n<p><span style=\"color: #333333;\"><strong>Assessoria de Comunica\u00e7\u00e3o\/ CPRv<\/strong><\/span><\/p>\n","protected":false},"excerpt":{"rendered":"<p>A Pol\u00edcia Militar, atrav\u00e9s da Companhia de Pol\u00edcia Militar Rodovi\u00e1ria \u2013 CPRv, encerrou na noite dessa sexta-feira (22), uma grande opera\u00e7\u00e3o nas rodovias que fazem parte da Rota do Sert\u00e3o. Um efetivo de doze policiais do t\u00e1tico rodovi\u00e1rio, com apoio de quatro viaturas e tr\u00eas motocicletas, percorreram as rodovias SE 179 e SE 325 (Carira), [&hellip;]<\/p>\n","protected":false},"author":1,"featured_media":46037,"comment_status":"closed","ping_status":"closed","sticky":false,"template":"","format":"standard","meta":{"footnotes":""},"categories":[7],"tags":[],"class_list":{"0":"post-46036","1":"post","2":"type-post","3":"status-publish","4":"format-standard","5":"has-post-thumbnail","7":"category-policia"},"_links":{"self":[{"href":"https:\/\/senoticias.com.br\/se\/wp-json\/wp\/v2\/posts\/46036"}],"collection":[{"href":"https:\/\/senoticias.com.br\/se\/wp-json\/wp\/v2\/posts"}],"about":[{"href":"https:\/\/senoticias.com.br\/se\/wp-json\/wp\/v2\/types\/post"}],"author":[{"embeddable":true,"href":"https:\/\/senoticias.com.br\/se\/wp-json\/wp\/v2\/users\/1"}],"replies":[{"embeddable":true,"href":"https:\/\/senoticias.com.br\/se\/wp-json\/wp\/v2\/comments?post=46036"}],"version-history":[{"count":0,"href":"https:\/\/senoticias.com.br\/se\/wp-json\/wp\/v2\/posts\/46036\/revisions"}],"wp:featuredmedia":[{"embeddable":true,"href":"https:\/\/senoticias.com.br\/se\/wp-json\/wp\/v2\/media\/46037"}],"wp:attachment":[{"href":"https:\/\/senoticias.com.br\/se\/wp-json\/wp\/v2\/media?parent=46036"}],"wp:term":[{"taxonomy":"category","embeddable":true,"href":"https:\/\/senoticias.com.br\/se\/wp-json\/wp\/v2\/categories?post=46036"},{"taxonomy":"post_tag","embeddable":true,"href":"https:\/\/senoticias.com.br\/se\/wp-json\/wp\/v2\/tags?post=46036"}],"curies":[{"name":"wp","href":"https:\/\/api.w.org\/{rel}","templated":true}]}}