{"id":45542,"date":"2013-03-14T07:44:18","date_gmt":"2013-03-14T10:44:18","guid":{"rendered":"http:\/\/senoticias.com.br\/se\/?p=45542"},"modified":"2013-03-14T07:44:18","modified_gmt":"2013-03-14T10:44:18","slug":"policia-recupera-moto-tomada-por-estelionatarios-que-se-passavam-por-policiais-civis-em-malhador","status":"publish","type":"post","link":"https:\/\/senoticias.com.br\/se\/policia-recupera-moto-tomada-por-estelionatarios-que-se-passavam-por-policiais-civis-em-malhador\/","title":{"rendered":"Pol\u00edcia recupera moto tomada por estelionat\u00e1rios que se passavam por policiais civis em Malhador"},"content":{"rendered":"<p>&nbsp;<\/p>\n<div id=\"attachment_45543\" style=\"width: 234px\" class=\"wp-caption alignright\"><a href=\"http:\/\/senoticias.com.br\/se\/wp-content\/uploads\/2013\/03\/Moto.jpg\"><img loading=\"lazy\" decoding=\"async\" aria-describedby=\"caption-attachment-45543\" class=\"size-medium wp-image-45543\" title=\"Moto\" src=\"http:\/\/senoticias.com.br\/se\/wp-content\/uploads\/2013\/03\/Moto-224x300.jpg\" alt=\"\" width=\"224\" height=\"300\" srcset=\"https:\/\/senoticias.com.br\/se\/wp-content\/uploads\/2013\/03\/Moto-224x300.jpg 224w, https:\/\/senoticias.com.br\/se\/wp-content\/uploads\/2013\/03\/Moto-300x400.jpg 300w, https:\/\/senoticias.com.br\/se\/wp-content\/uploads\/2013\/03\/Moto.jpg 336w\" sizes=\"(max-width: 224px) 100vw, 224px\" \/><\/a><p id=\"caption-attachment-45543\" class=\"wp-caption-text\">Yamaha\/Fazer YS 250, modelo 2013, de cor preta. (Foto: 3\u00ba BPM\/Itabaiana)<\/p><\/div>\n<p style=\"text-align: justify;\">A Pol\u00edcia Militar de Sergipe, atrav\u00e9s do 3\u00ba Batalh\u00e3o de Pol\u00edcia Militar (3\u00ba BPM), recuperou, na manh\u00e3 desta quarta-feira, 13, uma motocicleta Yamaha\/Fazer YS 250, modelo 2013, de cor preta, pertencente a Danilo dos Santos, de 19 anos. O ve\u00edculo estava sendo vendido na feira das trocas da cidade de Itabaiana pelo senhor de prenome Fernando, que, por sua vez, havia comprado a motocicleta, de boa f\u00e9, do senhor Adriano Ferreira Martins.<\/p>\n<p style=\"text-align: justify;\">O ve\u00edculo foi tirado do propriet\u00e1rio por dois estelionat\u00e1rios que, h\u00e1 cerca de dez dias, v\u00eam aplicando golpe nos moradores do povoado Alecrim, em Malhador, e na sede do referido munic\u00edpio, fazendo-se passar por policiais civis. Os suspeitos abordaram Danilo no dia 4 de mar\u00e7o, identificaram-se como policiais civis e alegaram que a moto havia se envolvido em um acidente na cidade de S\u00e3o Paulo. Quatro dias depois, os estelionat\u00e1rios retornaram \u00e0 casa de Danilo e exigiram a quantia de R$ 1500,00 para efetuar a devolu\u00e7\u00e3o do ve\u00edculo.<\/p>\n<p style=\"text-align: justify;\">O comandante do 3\u00ba BPM, major Reinaldo Chaves, informa, ainda, que j\u00e1 tem pistas sobre o ve\u00edculo usado pelos estelionat\u00e1rios e a poss\u00edvel identifica\u00e7\u00e3o dos envolvidos. \u201cJ\u00e1 temos informa\u00e7\u00f5es que apontam dois indiv\u00edduos como os autores dos crimes e garantimos que, dentro em breve, desvendaremos os \u00faltimos detalhes do caso e efetuaremos a pris\u00e3o dos estelionat\u00e1rios\u201d, ressaltou major Chaves.<\/p>\n<p style=\"text-align: justify;\">A ocorr\u00eancia foi encaminhada \u00e0 Delegacia Regional de Itabaiana para os procedimentos formais e a devolu\u00e7\u00e3o do ve\u00edculo ao seu verdadeiro propriet\u00e1rio. O major Reinaldo Chaves alerta a popula\u00e7\u00e3o que a Pol\u00edcia Militar e a Pol\u00edcia Civil n\u00e3o adotam este procedimento nas apreens\u00f5es de ve\u00edculos e outros bens. O oficial aproveita, ainda, para solicitar o apoio dos cidad\u00e3os para que denunciem qualquer fato que guarde semelhan\u00e7a com o caso em quest\u00e3o.<\/p>\n<p style=\"text-align: justify;\"><em><strong>SSP\/SE<\/strong><\/em><\/p>\n","protected":false},"excerpt":{"rendered":"<p>&nbsp; A Pol\u00edcia Militar de Sergipe, atrav\u00e9s do 3\u00ba Batalh\u00e3o de Pol\u00edcia Militar (3\u00ba BPM), recuperou, na manh\u00e3 desta quarta-feira, 13, uma motocicleta Yamaha\/Fazer YS 250, modelo 2013, de cor preta, pertencente a Danilo dos Santos, de 19 anos. O ve\u00edculo estava sendo vendido na feira das trocas da cidade de Itabaiana pelo senhor de [&hellip;]<\/p>\n","protected":false},"author":1,"featured_media":45543,"comment_status":"closed","ping_status":"closed","sticky":false,"template":"","format":"standard","meta":{"footnotes":""},"categories":[7],"tags":[],"class_list":{"0":"post-45542","1":"post","2":"type-post","3":"status-publish","4":"format-standard","5":"has-post-thumbnail","7":"category-policia"},"_links":{"self":[{"href":"https:\/\/senoticias.com.br\/se\/wp-json\/wp\/v2\/posts\/45542"}],"collection":[{"href":"https:\/\/senoticias.com.br\/se\/wp-json\/wp\/v2\/posts"}],"about":[{"href":"https:\/\/senoticias.com.br\/se\/wp-json\/wp\/v2\/types\/post"}],"author":[{"embeddable":true,"href":"https:\/\/senoticias.com.br\/se\/wp-json\/wp\/v2\/users\/1"}],"replies":[{"embeddable":true,"href":"https:\/\/senoticias.com.br\/se\/wp-json\/wp\/v2\/comments?post=45542"}],"version-history":[{"count":0,"href":"https:\/\/senoticias.com.br\/se\/wp-json\/wp\/v2\/posts\/45542\/revisions"}],"wp:featuredmedia":[{"embeddable":true,"href":"https:\/\/senoticias.com.br\/se\/wp-json\/wp\/v2\/media\/45543"}],"wp:attachment":[{"href":"https:\/\/senoticias.com.br\/se\/wp-json\/wp\/v2\/media?parent=45542"}],"wp:term":[{"taxonomy":"category","embeddable":true,"href":"https:\/\/senoticias.com.br\/se\/wp-json\/wp\/v2\/categories?post=45542"},{"taxonomy":"post_tag","embeddable":true,"href":"https:\/\/senoticias.com.br\/se\/wp-json\/wp\/v2\/tags?post=45542"}],"curies":[{"name":"wp","href":"https:\/\/api.w.org\/{rel}","templated":true}]}}