{"id":45540,"date":"2013-03-14T06:52:45","date_gmt":"2013-03-14T09:52:45","guid":{"rendered":"http:\/\/senoticias.com.br\/se\/?p=45540"},"modified":"2013-03-14T06:53:09","modified_gmt":"2013-03-14T09:53:09","slug":"justica-suspende-direitos-politicos-do-prefeito-de-frei-paulo","status":"publish","type":"post","link":"https:\/\/senoticias.com.br\/se\/justica-suspende-direitos-politicos-do-prefeito-de-frei-paulo\/","title":{"rendered":"Justi\u00e7a suspende direitos pol\u00edticos do prefeito de Frei Paulo"},"content":{"rendered":"<p>&nbsp;<\/p>\n<h5><strong><a href=\"por CL\u00c1UDIO NUNES \/Infonet\" target=\"_blank\">por CL\u00c1UDIO NUNES \/Infonet<\/a><\/strong><\/h5>\n<div id=\"attachment_36784\" style=\"width: 286px\" class=\"wp-caption alignright\"><a href=\"http:\/\/senoticias.com.br\/se\/wp-content\/uploads\/2012\/07\/Jos\u00e9-Arinaldo.jpeg\"><img loading=\"lazy\" decoding=\"async\" aria-describedby=\"caption-attachment-36784\" class=\"size-full wp-image-36784\" title=\"Jos\u00e9 Arinaldo\" src=\"http:\/\/senoticias.com.br\/se\/wp-content\/uploads\/2012\/07\/Jos\u00e9-Arinaldo.jpeg\" alt=\"\" width=\"276\" height=\"183\" \/><\/a><p id=\"caption-attachment-36784\" class=\"wp-caption-text\">Jos\u00e9 Arinaldo, prefeito de Frei Paulo. (Reprodu\u00e7\u00e3o)<\/p><\/div>\n<p style=\"text-align: justify;\">No m\u00eas passado, a ju\u00edza de direito da Comarca de Frei Paulo, Carolina Valadares Bitencourt, julgou procedente a a\u00e7\u00e3o do Minist\u00e9rio P\u00fablico Estadual contra o prefeito do munic\u00edpio, Jos\u00e9 Arinaldo de Oliveira Filho, por ter admitido 108 servidores na administra\u00e7\u00e3o p\u00fablica de forma irregular. \u201cCaracteriza ofensa aos princ\u00edpios da Administra\u00e7\u00e3o P\u00fablica, notadamente os princ\u00edpios da legalidade, impessoalidade, moralidade, publicidade e efici\u00eancia, ajustando-se \u00e0 hip\u00f3tese prevista no art. 11, caput, da Lei n\u00ba. 8.429\/92\u201d, escreveu a ju\u00edza na senten\u00e7a.<\/p>\n<p style=\"text-align: justify;\">Na senten\u00e7a a ju\u00edza determinou as seguintes san\u00e7\u00f5es: 1) Perda da fun\u00e7\u00e3o p\u00fablica que estiver exercendo quando do tr\u00e2nsito em julgado da presente decis\u00e3o;2) Suspens\u00e3o dos direitos pol\u00edticos por 03 (tr\u00eas) anos; 3)Proibi\u00e7\u00e3o de contratar com o Poder P\u00fablico ou receber benef\u00edcios ou incentivos fiscais ou credit\u00edcios, direta ou indiretamente, ainda que por interm\u00e9dio de pessoa jur\u00eddica da qual seja s\u00f3cio majorit\u00e1rio, pelo prazo de 03 (tr\u00eas) anos;4)Pagamento de multa civil correspondente a 20 (vinte) vezes o valor da remunera\u00e7\u00e3o do que percebe como prefeito municipal, devidamente atualizada pelo INPC desde o ajuizamento da presente demanda, acrescidos de juros morat\u00f3rios de 1% ao m\u00eas, a partir do tr\u00e2nsito em julgado desta decis\u00e3o, a ser recolhida em favor do Munic\u00edpio de Frei Paulo. Condenou, ainda, o requerido, no pagamento de custas processuais e honor\u00e1rios advocat\u00edcios que fixo 10% (dez por cento) do valor da causa.<\/p>\n<p style=\"text-align: justify;\"><strong>Entenda a a\u00e7\u00e3o do MPE contra o prefeito de Frei Paulo<\/strong><\/p>\n<p style=\"text-align: justify;\">Na a\u00e7\u00e3o, ajuizada pelo MPE, por improbidade administrativa contra Jos\u00e9 Arinaldo Filho, o \u00f3rg\u00e3o alegou que ele contratou ilegalmente 108 pessoas sob a alega\u00e7\u00e3o de contrato tempor\u00e1rio para o cargo de executor de servi\u00e7os b\u00e1sicos, sem realizar concurso p\u00fablico ou qualquer procedimento de natureza seletiva. E que durante todo o per\u00edodo renovou tais contratos, burlando o ordenamento jur\u00eddico p\u00e1trio.<\/p>\n","protected":false},"excerpt":{"rendered":"<p>&nbsp; por CL\u00c1UDIO NUNES \/Infonet No m\u00eas passado, a ju\u00edza de direito da Comarca de Frei Paulo, Carolina Valadares Bitencourt, julgou procedente a a\u00e7\u00e3o do Minist\u00e9rio P\u00fablico Estadual contra o prefeito do munic\u00edpio, Jos\u00e9 Arinaldo de Oliveira Filho, por ter admitido 108 servidores na administra\u00e7\u00e3o p\u00fablica de forma irregular. \u201cCaracteriza ofensa aos princ\u00edpios da Administra\u00e7\u00e3o [&hellip;]<\/p>\n","protected":false},"author":1,"featured_media":36784,"comment_status":"closed","ping_status":"closed","sticky":false,"template":"","format":"standard","meta":{"footnotes":""},"categories":[6],"tags":[],"class_list":{"0":"post-45540","1":"post","2":"type-post","3":"status-publish","4":"format-standard","5":"has-post-thumbnail","7":"category-politica"},"_links":{"self":[{"href":"https:\/\/senoticias.com.br\/se\/wp-json\/wp\/v2\/posts\/45540"}],"collection":[{"href":"https:\/\/senoticias.com.br\/se\/wp-json\/wp\/v2\/posts"}],"about":[{"href":"https:\/\/senoticias.com.br\/se\/wp-json\/wp\/v2\/types\/post"}],"author":[{"embeddable":true,"href":"https:\/\/senoticias.com.br\/se\/wp-json\/wp\/v2\/users\/1"}],"replies":[{"embeddable":true,"href":"https:\/\/senoticias.com.br\/se\/wp-json\/wp\/v2\/comments?post=45540"}],"version-history":[{"count":0,"href":"https:\/\/senoticias.com.br\/se\/wp-json\/wp\/v2\/posts\/45540\/revisions"}],"wp:featuredmedia":[{"embeddable":true,"href":"https:\/\/senoticias.com.br\/se\/wp-json\/wp\/v2\/media\/36784"}],"wp:attachment":[{"href":"https:\/\/senoticias.com.br\/se\/wp-json\/wp\/v2\/media?parent=45540"}],"wp:term":[{"taxonomy":"category","embeddable":true,"href":"https:\/\/senoticias.com.br\/se\/wp-json\/wp\/v2\/categories?post=45540"},{"taxonomy":"post_tag","embeddable":true,"href":"https:\/\/senoticias.com.br\/se\/wp-json\/wp\/v2\/tags?post=45540"}],"curies":[{"name":"wp","href":"https:\/\/api.w.org\/{rel}","templated":true}]}}