{"id":45530,"date":"2013-03-13T22:03:33","date_gmt":"2013-03-14T01:03:33","guid":{"rendered":"http:\/\/senoticias.com.br\/se\/?p=45530"},"modified":"2013-03-13T22:40:19","modified_gmt":"2013-03-14T01:40:19","slug":"prefeitura-erra-e-escreve-calsinha-preta-em-cartaz-oficial-do-sao-joao","status":"publish","type":"post","link":"https:\/\/senoticias.com.br\/se\/prefeitura-erra-e-escreve-calsinha-preta-em-cartaz-oficial-do-sao-joao\/","title":{"rendered":"Prefeitura erra e escreve &#8216;Calsinha Preta&#8217; em cartaz oficial do S\u00e3o Jo\u00e3o"},"content":{"rendered":"<h5><em><strong><a href=\" http:\/\/www.bahianoticias.com.br\/holofote\/noticia\/28837-prefeitura-de-s-antonio-de-jesus-erra-e-escreve-039-calsinha-preta-039-em-cartaz-oficial-do-sao-joao.html\" target=\"_blank\">Do Bahia Not\u00edcias<\/a><\/strong><\/em><\/h5>\n<p style=\"text-align: justify;\">A prefeitura de Santo Ant\u00f4nio de Jesus, no Rec\u00f4ncavo baiano, cometeu uma gafe de portugu\u00eas no cartaz oficial de divulga\u00e7\u00e3o da festa de S\u00e3o Jo\u00e3o do munic\u00edpio. Entre as atra\u00e7\u00f5es anunciadas, a organiza\u00e7\u00e3o do autointitulado &#8220;S\u00e3o Jo\u00e3o da Mistura&#8221; misturou as letras e grafou o nome da banda Calcinha Preta como &#8220;Calsinha Preta&#8221;. A foto circula nas redes sociais e tem sido motivo de piada entre os usu\u00e1rios da web.<\/p>\n<div id=\"attachment_45532\" style=\"width: 570px\" class=\"wp-caption aligncenter\"><a href=\"http:\/\/senoticias.com.br\/se\/wp-content\/uploads\/2013\/03\/calsinhapreta.jpg\"><img loading=\"lazy\" decoding=\"async\" aria-describedby=\"caption-attachment-45532\" class=\"size-full wp-image-45532\" title=\"calsinhapreta\" src=\"http:\/\/senoticias.com.br\/se\/wp-content\/uploads\/2013\/03\/calsinhapreta.jpg\" alt=\"\" width=\"560\" height=\"392\" srcset=\"https:\/\/senoticias.com.br\/se\/wp-content\/uploads\/2013\/03\/calsinhapreta.jpg 560w, https:\/\/senoticias.com.br\/se\/wp-content\/uploads\/2013\/03\/calsinhapreta-300x210.jpg 300w, https:\/\/senoticias.com.br\/se\/wp-content\/uploads\/2013\/03\/calsinhapreta-342x239.jpg 342w\" sizes=\"(max-width: 560px) 100vw, 560px\" \/><\/a><p id=\"caption-attachment-45532\" class=\"wp-caption-text\">Prefeitura de Santo Ant\u00f4nio de Jesus erra e escreve &#39;Calsinha Preta&#39; em cartaz oficial do S\u00e3o Jo\u00e3o. (Foto: Reprodu\u00e7\u00e3o)<\/p><\/div>\n","protected":false},"excerpt":{"rendered":"<p>Do Bahia Not\u00edcias A prefeitura de Santo Ant\u00f4nio de Jesus, no Rec\u00f4ncavo baiano, cometeu uma gafe de portugu\u00eas no cartaz oficial de divulga\u00e7\u00e3o da festa de S\u00e3o Jo\u00e3o do munic\u00edpio. Entre as atra\u00e7\u00f5es anunciadas, a organiza\u00e7\u00e3o do autointitulado &#8220;S\u00e3o Jo\u00e3o da Mistura&#8221; misturou as letras e grafou o nome da banda Calcinha Preta como &#8220;Calsinha [&hellip;]<\/p>\n","protected":false},"author":1,"featured_media":45532,"comment_status":"closed","ping_status":"closed","sticky":false,"template":"","format":"standard","meta":{"footnotes":""},"categories":[310,1],"tags":[],"class_list":{"0":"post-45530","1":"post","2":"type-post","3":"status-publish","4":"format-standard","5":"has-post-thumbnail","7":"category-destaques-da-semana","8":"category-sem-categoria"},"_links":{"self":[{"href":"https:\/\/senoticias.com.br\/se\/wp-json\/wp\/v2\/posts\/45530"}],"collection":[{"href":"https:\/\/senoticias.com.br\/se\/wp-json\/wp\/v2\/posts"}],"about":[{"href":"https:\/\/senoticias.com.br\/se\/wp-json\/wp\/v2\/types\/post"}],"author":[{"embeddable":true,"href":"https:\/\/senoticias.com.br\/se\/wp-json\/wp\/v2\/users\/1"}],"replies":[{"embeddable":true,"href":"https:\/\/senoticias.com.br\/se\/wp-json\/wp\/v2\/comments?post=45530"}],"version-history":[{"count":0,"href":"https:\/\/senoticias.com.br\/se\/wp-json\/wp\/v2\/posts\/45530\/revisions"}],"wp:featuredmedia":[{"embeddable":true,"href":"https:\/\/senoticias.com.br\/se\/wp-json\/wp\/v2\/media\/45532"}],"wp:attachment":[{"href":"https:\/\/senoticias.com.br\/se\/wp-json\/wp\/v2\/media?parent=45530"}],"wp:term":[{"taxonomy":"category","embeddable":true,"href":"https:\/\/senoticias.com.br\/se\/wp-json\/wp\/v2\/categories?post=45530"},{"taxonomy":"post_tag","embeddable":true,"href":"https:\/\/senoticias.com.br\/se\/wp-json\/wp\/v2\/tags?post=45530"}],"curies":[{"name":"wp","href":"https:\/\/api.w.org\/{rel}","templated":true}]}}