{"id":45526,"date":"2013-03-13T18:57:23","date_gmt":"2013-03-13T21:57:23","guid":{"rendered":"http:\/\/senoticias.com.br\/se\/?p=45526"},"modified":"2013-05-18T12:52:20","modified_gmt":"2013-05-18T15:52:20","slug":"professores-de-sao-cristovao-ocupam-as-galerias-da-assembleia-legislativa","status":"publish","type":"post","link":"https:\/\/senoticias.com.br\/se\/professores-de-sao-cristovao-ocupam-as-galerias-da-assembleia-legislativa\/","title":{"rendered":"Professores de S\u00e3o Crist\u00f3v\u00e3o ocupam as galerias da Assembleia Legislativa"},"content":{"rendered":"<p>&nbsp;<\/p>\n<div id=\"attachment_45527\" style=\"width: 310px\" class=\"wp-caption alignleft\"><a href=\"http:\/\/senoticias.com.br\/se\/wp-content\/uploads\/2013\/03\/Sintese.jpg\"><img loading=\"lazy\" decoding=\"async\" aria-describedby=\"caption-attachment-45527\" class=\"size-medium wp-image-45527\" title=\"Sintese\" src=\"http:\/\/senoticias.com.br\/se\/wp-content\/uploads\/2013\/03\/Sintese-300x225.jpg\" alt=\"\" width=\"300\" height=\"225\" srcset=\"https:\/\/senoticias.com.br\/se\/wp-content\/uploads\/2013\/03\/Sintese-300x225.jpg 300w, https:\/\/senoticias.com.br\/se\/wp-content\/uploads\/2013\/03\/Sintese-342x256.jpg 342w, https:\/\/senoticias.com.br\/se\/wp-content\/uploads\/2013\/03\/Sintese-60x45.jpg 60w, https:\/\/senoticias.com.br\/se\/wp-content\/uploads\/2013\/03\/Sintese-150x113.jpg 150w, https:\/\/senoticias.com.br\/se\/wp-content\/uploads\/2013\/03\/Sintese-269x201.jpg 269w, https:\/\/senoticias.com.br\/se\/wp-content\/uploads\/2013\/03\/Sintese.jpg 960w\" sizes=\"(max-width: 300px) 100vw, 300px\" \/><\/a><p id=\"caption-attachment-45527\" class=\"wp-caption-text\">Dirigentes e professores de S\u00e3o Crist\u00f3v\u00e3o ocupam as galerias. (Foto: Sintese)<\/p><\/div>\n<p style=\"text-align: justify;\">A atividade do nono dia de greve dos professores da rede municipal de S\u00e3o Crist\u00f3v\u00e3o foi ocupar as galerias da Assembleia Legislativa. Eles foram buscar apoio dos deputados para intermediar a situa\u00e7\u00e3o do magist\u00e9rio do munic\u00edpio que est\u00e1 praticamente sem receber sal\u00e1rios h\u00e1 tr\u00eas meses e mais da metade \u00e9 alvo de processo administrativo.<\/p>\n<p style=\"text-align: justify;\">A deputada Ana L\u00facia usou a tribuna para relatar os problemas por quais passam os professores de S\u00e3o Crist\u00f3v\u00e3o que est\u00e3o sem receber sal\u00e1rios de dezembro, d\u00e9cimo terceiro, em janeiro perderam quase 70% da remunera\u00e7\u00e3o e em fevereiro 252 dos 390 educadores que fazem parte da rede municipal n\u00e3o receberam sal\u00e1rios. \u201cOs professores est\u00e3o sendo alvo de um pacote de maldades da prefeita Rivanda Farias associada a seu esposo Armando Batalha\u201d, disse a deputada.<\/p>\n<p style=\"text-align: justify;\">O argumento da prefeitura de S\u00e3o Crist\u00f3v\u00e3o para o n\u00e3o pagamento dos sal\u00e1rios \u00e9 que os educadores est\u00e3o sendo alvo de processo administrativo por abandono de emprego e a n\u00e3o entrega do plano de aula. Tal processo, na avalia\u00e7\u00e3o do sindicato, \u00e9 uma manobra para desmobilizar a categoria e a assessoria jur\u00eddica do SINTESE j\u00e1 est\u00e1 entrando com um mandado de seguran\u00e7a para garantir o pagamento dos educadores.<\/p>\n<p style=\"text-align: justify;\">Ela lembrou tamb\u00e9m o epis\u00f3dio da aprova\u00e7\u00e3o da lei que revogou os direitos dos professores conquistados a partir de 2010. Isso ocasionou o corte das gratifica\u00e7\u00f5es dos professores e fez com o vencimento inicial retomasse aos patamares de 2010. Gratifica\u00e7\u00f5es como reg\u00eancia de classe, atividade t\u00e9cnico-pedag\u00f3gica e atividade t\u00e9cnico-administrativa passaram de 25% para 1%. Os professores tiveram perdas que chegam a 70% da remunera\u00e7\u00e3o.<\/p>\n<p style=\"text-align: justify;\">\u201cOs vereadores da oposi\u00e7\u00e3o n\u00e3o tiveram acesso ao projeto para fazer an\u00e1lises e os parlamentares da bancada que apoia a prefeita Rivanda Farias votaram sem saber do que se tratava. Esperamos que a justi\u00e7a reconhe\u00e7a o direito dos vereadores de analisar o projeto e que essa vota\u00e7\u00e3o seja anulada\u201d, afirmou a parlamentar.<\/p>\n<p style=\"text-align: justify;\">A administra\u00e7\u00e3o da prefeita Rivanda Farias, junto com seu marido, o secret\u00e1rio de Assuntos Parlamentares, Armando Batalha prioriza o desmonte da carreira dos professores, de querer arrasar com aqueles que t\u00eam a responsabilidade de socializar o conhecimento para os filhos e filhas dos trabalhadores.<\/p>\n<p style=\"text-align: justify;\"><strong>Conversa com os pais e comerciantes<\/strong><\/p>\n<p style=\"text-align: justify;\">Nesta quinta-feira, 14, a partir das 19h no Espa\u00e7o S\u00e3o de Festas em frente a Igreja Senhor dos Passos os educadores de S\u00e3o Crist\u00f3v\u00e3o se re\u00fanem com pais, alunos e tamb\u00e9m comerciantes de S\u00e3o Crist\u00f3v\u00e3o. \u201cVamos dialogar com todos sobre os motivos da greve, pois nesta situa\u00e7\u00e3o n\u00e3o s\u00f3 os professores s\u00e3o prejudicados, mas tamb\u00e9m suas fam\u00edlias e o com\u00e9rcio local\u201d, apontou Erineto Santos, professor da rede municipal de S\u00e3o Crist\u00f3v\u00e3o e membro da dire\u00e7\u00e3o executiva do SINTESE.<\/p>\n<p style=\"text-align: justify;\"><em><strong>Ascom\/Sintese<\/strong><\/em><\/p>\n<p style=\"text-align: justify;\">Na pr\u00f3xima sexta, 15, os educadores ter\u00e3o assembleia a partir das 9h no Centro Educacional Prado Meirelles. Na ocasi\u00e3o o SINTESE ir\u00e1 fazer a distribui\u00e7\u00e3o de cestas b\u00e1sicas.<\/p>\n","protected":false},"excerpt":{"rendered":"<p>&nbsp; A atividade do nono dia de greve dos professores da rede municipal de S\u00e3o Crist\u00f3v\u00e3o foi ocupar as galerias da Assembleia Legislativa. Eles foram buscar apoio dos deputados para intermediar a situa\u00e7\u00e3o do magist\u00e9rio do munic\u00edpio que est\u00e1 praticamente sem receber sal\u00e1rios h\u00e1 tr\u00eas meses e mais da metade \u00e9 alvo de processo administrativo. [&hellip;]<\/p>\n","protected":false},"author":1,"featured_media":45527,"comment_status":"closed","ping_status":"closed","sticky":false,"template":"","format":"standard","meta":{"footnotes":""},"categories":[44,26,38,3],"tags":[],"class_list":{"0":"post-45526","1":"post","2":"type-post","3":"status-publish","4":"format-standard","5":"has-post-thumbnail","7":"category-educacao","8":"category-esportes","9":"category-municipios","10":"category-saocristovao"},"_links":{"self":[{"href":"https:\/\/senoticias.com.br\/se\/wp-json\/wp\/v2\/posts\/45526"}],"collection":[{"href":"https:\/\/senoticias.com.br\/se\/wp-json\/wp\/v2\/posts"}],"about":[{"href":"https:\/\/senoticias.com.br\/se\/wp-json\/wp\/v2\/types\/post"}],"author":[{"embeddable":true,"href":"https:\/\/senoticias.com.br\/se\/wp-json\/wp\/v2\/users\/1"}],"replies":[{"embeddable":true,"href":"https:\/\/senoticias.com.br\/se\/wp-json\/wp\/v2\/comments?post=45526"}],"version-history":[{"count":0,"href":"https:\/\/senoticias.com.br\/se\/wp-json\/wp\/v2\/posts\/45526\/revisions"}],"wp:featuredmedia":[{"embeddable":true,"href":"https:\/\/senoticias.com.br\/se\/wp-json\/wp\/v2\/media\/45527"}],"wp:attachment":[{"href":"https:\/\/senoticias.com.br\/se\/wp-json\/wp\/v2\/media?parent=45526"}],"wp:term":[{"taxonomy":"category","embeddable":true,"href":"https:\/\/senoticias.com.br\/se\/wp-json\/wp\/v2\/categories?post=45526"},{"taxonomy":"post_tag","embeddable":true,"href":"https:\/\/senoticias.com.br\/se\/wp-json\/wp\/v2\/tags?post=45526"}],"curies":[{"name":"wp","href":"https:\/\/api.w.org\/{rel}","templated":true}]}}