{"id":45523,"date":"2013-03-13T18:41:42","date_gmt":"2013-03-13T21:41:42","guid":{"rendered":"http:\/\/senoticias.com.br\/se\/?p=45523"},"modified":"2013-03-13T18:45:20","modified_gmt":"2013-03-13T21:45:20","slug":"reuniao-de-governadores-com-liderancas-do-congresso-nacional-aprova-avancos-no-pacto-federativo","status":"publish","type":"post","link":"https:\/\/senoticias.com.br\/se\/reuniao-de-governadores-com-liderancas-do-congresso-nacional-aprova-avancos-no-pacto-federativo\/","title":{"rendered":"Reuni\u00e3o de governadores com lideran\u00e7as do Congresso Nacional aprova avan\u00e7os no pacto federativo"},"content":{"rendered":"<p>&nbsp;<\/p>\n<p style=\"text-align: justify;\"><span style=\"color: #333333;\"><strong>Na opini\u00e3o do governador Marcelo D\u00e9da, trata-se de &#8220;um fato pol\u00edtico extremamente importante&#8221;, embora n\u00e3o esgote a agenda federativa<\/strong><\/span><\/p>\n<div id=\"attachment_45525\" style=\"width: 310px\" class=\"wp-caption alignleft\"><a href=\"http:\/\/senoticias.com.br\/se\/wp-content\/uploads\/2013\/03\/RJAY3123.jpg\"><img loading=\"lazy\" decoding=\"async\" aria-describedby=\"caption-attachment-45525\" class=\"size-medium wp-image-45525\" title=\"RJAY3123\" src=\"http:\/\/senoticias.com.br\/se\/wp-content\/uploads\/2013\/03\/RJAY3123-300x200.jpg\" alt=\"\" width=\"300\" height=\"200\" srcset=\"https:\/\/senoticias.com.br\/se\/wp-content\/uploads\/2013\/03\/RJAY3123-300x200.jpg 300w, https:\/\/senoticias.com.br\/se\/wp-content\/uploads\/2013\/03\/RJAY3123-342x228.jpg 342w, https:\/\/senoticias.com.br\/se\/wp-content\/uploads\/2013\/03\/RJAY3123.jpg 352w\" sizes=\"(max-width: 300px) 100vw, 300px\" \/><\/a><p id=\"caption-attachment-45525\" class=\"wp-caption-text\">Na opini\u00e3o do governador Marcelo D\u00e9da, trata-se de &quot;um fato pol\u00edtico extremamente importante&quot;, embora n\u00e3o esgote a agenda federativa.(Foto: Roberto Jayme)<\/p><\/div>\n<p style=\"text-align: justify;\">O governador Marcelo D\u00e9da considerou um avan\u00e7o no debate federativo a reuni\u00e3o entre os governadores com as lideran\u00e7as da C\u00e2mara dos Deputados e do Senado Federal nesta quarta, 13, em Bras\u00edlia. &#8220;O gesto do Congresso Nacional tem uma carga simb\u00f3lica e um relevo pol\u00edtico t\u00e3o grande que a reuni\u00e3o por si s\u00f3 j\u00e1 \u00e9 um fato pol\u00edtico extremamente importante nos \u00faltimos anos no Brasil&#8221;, resumiu D\u00e9da.<\/p>\n<p style=\"text-align: justify;\">Chamada pelo deputado Henrique Eduardo Alves (RN), presidente da C\u00e2mara, e Renan Calheiros (AL), presidente do Senado, o encontro visava avan\u00e7ar no debate sobre a reparti\u00e7\u00e3o e destina\u00e7\u00e3o dos recursos p\u00fablicos. &#8220;N\u00f3s discutimos aqui um cap\u00edtulo do pacto federativo, quatro temas que unificam os 27 estados. \u00c9 uma proposta hist\u00f3rica de estados e munic\u00edpios&#8221;.<\/p>\n<p style=\"text-align: justify;\"><strong>Consenso<\/strong><\/p>\n<p style=\"text-align: justify;\">Quatro pontos consensuais foram encaminhados pelos governadores \u00e0s duas casas do Legislativo Federal. Primeiro: redu\u00e7\u00e3o do comprometimento da d\u00edvida dos estados em 33% da Receita L\u00edquida Real. Segundo: aprova\u00e7\u00e3o de emenda constitucional que impe\u00e7a a cria\u00e7\u00e3o de novas despesas sem que novas fontes de receitas sejam indicadas.<\/p>\n<p style=\"text-align: justify;\">Terceiro: amplia\u00e7\u00e3o da base de receitas que comp\u00f5em o Fundo de Participa\u00e7\u00e3o dos Estados (FPE), agregando a este a Confins e a CSLL; atualmente, o fundo \u00e9 composto pelo Imposto de Renda (IR) e pelo o Imposto sobre Produtos Industrializados (IPI). Quarto: redu\u00e7\u00e3o a zero da contribui\u00e7\u00e3o dos estados e munic\u00edpios ao Pasep, que passaria a ser apropriada como receita pr\u00f3pria. Em nome de deputados e senadores, o presidente da C\u00e2mara comprometeu-se a encaminhar as quatro propostas.<\/p>\n<p style=\"text-align: justify;\"><strong>Debate continua<\/strong><\/p>\n<p style=\"text-align: justify;\">&#8220;O que n\u00f3s apresentamos hoje aqui foram quatro pontos que podem se incorporar \u00e0 agenda do Congresso Nacional, que podem viabilizar um di\u00e1logo com o Governo da Uni\u00e3o e que n\u00e3o divide os 27 estados&#8221;, disse D\u00e9da. &#8220;Al\u00e9m disso, a agenda foi discutida com muita presteza, com muito foco, com muita objetividade. E os governadores, de maneira respeitosa, apresentaram propostas e projetos inclusive para dialogar com o pr\u00f3prio Congresso Nacional&#8221;.<\/p>\n<p style=\"text-align: justify;\">O governador lembrou, entretanto, que os quatro pontos n\u00e3o esgotam o debate do chamado pacto federativo, j\u00e1 que h\u00e1 pontos que necessitam de maior debate. O governador lembrou, por exemplo, que os estados menos industrializados precisam continuar dotados de instrumentos para atrair investimentos.<\/p>\n<p style=\"text-align: justify;\">&#8220;S\u00e3o passos iniciais que se forem incorporados \u00e0 agenda do Congresso, e aprovados, v\u00e3o garantir grande tranquilidade para o futuro dos estados. V\u00e3o aportar recursos novos e v\u00e3o ajudar a superar as dificuldades de hoje. Mas n\u00e3o esgotam a agenda do chamado pacto federativo&#8221;, completou.<\/p>\n<p style=\"text-align: justify;\">O encontro, no Congresso Nacional, foi acompanhado pelos secret\u00e1rios de Fazenda, Jo\u00e3o Andrade Vieira, e do Planejamento, Jos\u00e9 de Oliveira J\u00fanior, al\u00e9m do assessor econ\u00f4mico do governador, professor Ricardo Lacerda. A reuni\u00e3o teve, ainda, a participa\u00e7\u00e3o de lideran\u00e7as partid\u00e1rias da C\u00e2mara e do Senado.<\/p>\n<p style=\"text-align: justify;\"><strong>Secretaria de Estado da Comunica\u00e7\u00e3o Social<\/strong><br \/>\n<strong> Governo de Sergipe<\/strong><\/p>\n","protected":false},"excerpt":{"rendered":"<p>&nbsp; Na opini\u00e3o do governador Marcelo D\u00e9da, trata-se de &#8220;um fato pol\u00edtico extremamente importante&#8221;, embora n\u00e3o esgote a agenda federativa O governador Marcelo D\u00e9da considerou um avan\u00e7o no debate federativo a reuni\u00e3o entre os governadores com as lideran\u00e7as da C\u00e2mara dos Deputados e do Senado Federal nesta quarta, 13, em Bras\u00edlia. &#8220;O gesto do Congresso [&hellip;]<\/p>\n","protected":false},"author":1,"featured_media":45525,"comment_status":"closed","ping_status":"closed","sticky":false,"template":"","format":"standard","meta":{"footnotes":""},"categories":[6,1],"tags":[],"class_list":{"0":"post-45523","1":"post","2":"type-post","3":"status-publish","4":"format-standard","5":"has-post-thumbnail","7":"category-politica","8":"category-sem-categoria"},"_links":{"self":[{"href":"https:\/\/senoticias.com.br\/se\/wp-json\/wp\/v2\/posts\/45523"}],"collection":[{"href":"https:\/\/senoticias.com.br\/se\/wp-json\/wp\/v2\/posts"}],"about":[{"href":"https:\/\/senoticias.com.br\/se\/wp-json\/wp\/v2\/types\/post"}],"author":[{"embeddable":true,"href":"https:\/\/senoticias.com.br\/se\/wp-json\/wp\/v2\/users\/1"}],"replies":[{"embeddable":true,"href":"https:\/\/senoticias.com.br\/se\/wp-json\/wp\/v2\/comments?post=45523"}],"version-history":[{"count":0,"href":"https:\/\/senoticias.com.br\/se\/wp-json\/wp\/v2\/posts\/45523\/revisions"}],"wp:featuredmedia":[{"embeddable":true,"href":"https:\/\/senoticias.com.br\/se\/wp-json\/wp\/v2\/media\/45525"}],"wp:attachment":[{"href":"https:\/\/senoticias.com.br\/se\/wp-json\/wp\/v2\/media?parent=45523"}],"wp:term":[{"taxonomy":"category","embeddable":true,"href":"https:\/\/senoticias.com.br\/se\/wp-json\/wp\/v2\/categories?post=45523"},{"taxonomy":"post_tag","embeddable":true,"href":"https:\/\/senoticias.com.br\/se\/wp-json\/wp\/v2\/tags?post=45523"}],"curies":[{"name":"wp","href":"https:\/\/api.w.org\/{rel}","templated":true}]}}