{"id":45520,"date":"2013-03-13T18:31:57","date_gmt":"2013-03-13T21:31:57","guid":{"rendered":"http:\/\/senoticias.com.br\/se\/?p=45520"},"modified":"2013-03-14T13:17:56","modified_gmt":"2013-03-14T16:17:56","slug":"novo-papa-e-da-argentina-jorge-mario-bergoglio-se-chamara-francisco-i","status":"publish","type":"post","link":"https:\/\/senoticias.com.br\/se\/novo-papa-e-da-argentina-jorge-mario-bergoglio-se-chamara-francisco-i\/","title":{"rendered":"Novo Papa \u00e9 da Argentina; Jorge Mario Bergoglio se chamar\u00e1 Francisco I"},"content":{"rendered":"<h5 style=\"text-align: justify;\"><strong>Do \u00a0UOL, em S\u00e3o Paulo<\/strong><\/h5>\n<div id=\"attachment_45522\" style=\"width: 310px\" class=\"wp-caption alignleft\"><a href=\"http:\/\/senoticias.com.br\/se\/wp-content\/uploads\/2013\/03\/PAPA.jpg\"><img loading=\"lazy\" decoding=\"async\" aria-describedby=\"caption-attachment-45522\" class=\"size-medium wp-image-45522\" title=\"PAPA\" src=\"http:\/\/senoticias.com.br\/se\/wp-content\/uploads\/2013\/03\/PAPA-300x187.jpg\" alt=\"\" width=\"300\" height=\"187\" \/><\/a><p id=\"caption-attachment-45522\" class=\"wp-caption-text\">Papa Francisco 1\u00ba fala aos fi\u00e9is no Vaticano. Ele foi eleito no segundo dia de conclave (13\/03). Foto: AP<\/p><\/div>\n<p style=\"text-align: justify;\">A Igreja Cat\u00f3lica anunciou \u00e0s 20h14 (16h14 de Bras\u00edlia) desta quarta-feira (13) quem \u00e9 seu novo papa: o cardeal jesu\u00edta Jorge Mario Bergoglio, 76, da Argentina. Ele foi o escolhido para suceder Bento 16 no conclave que come\u00e7ou na ter\u00e7a-feira (12) e terminou hoje, \u00e0s 19h07 (15h07 de Bras\u00edlia), quando a fuma\u00e7a branca tomou a pra\u00e7a S\u00e3o Pedro, ap\u00f3s cinco escrut\u00ednios.<\/p>\n<p style=\"text-align: justify;\">O nome do novo papa foi revelado ap\u00f3s o famoso &#8220;Annuntio vobis gaudium, habemus Papam&#8221; (&#8220;anuncio uma grande alegria: temos um papa&#8221;), feito pelo cardeal franc\u00eas Jean-Louis Tauran. O nome papal escolhido pelo cardeal Bergoglio \u00e9 Francisco 1\u00ba<\/p>\n<p style=\"text-align: justify;\">Na Argentina, Bergoglio \u00e9 conhecido pelo conservadorismo e pela batalha contra o kirchnerismo. O prelado tamb\u00e9m \u00e9 reconhecido por ser um intenso defensor da ajuda aos pobres. O argentino costuma apoiar programas sociais e desafiar publicamente pol\u00edticas de livre mercado.<\/p>\n<p style=\"text-align: justify;\">Bergoglio \u00e9 considerado um ortodoxo conservador em assuntos relacionados \u00e0 sexualidade, se opondo firmemente contra o aborto, o casamento entre pessoas do mesmo sexo e o uso de m\u00e9todos contraceptivos.<\/p>\n<p style=\"text-align: justify;\">Em 2010, entrou em controv\u00e9rsia p\u00fablica com a presidente Cristina Kirchener ao afirmar que a ado\u00e7\u00e3o feita por casais gays provoca discrimina\u00e7\u00e3o contra as crian\u00e7as.<\/p>\n<p style=\"text-align: justify;\">Em seu primeiro discurso, feito logo ap\u00f3s o an\u00fancio de seu nome, Francisco 1\u00ba agredeceu ao acolhimento da comunidade de Roma e, tamb\u00e9m lembrou do papa em\u00e9rito Bento 16, seu antecessor.<\/p>\n<p style=\"text-align: justify;\">Ele bateu outros cardeais considerados favoritos, como o italiano Angelo Scola e o brasileiro Odilo Scherer.<br \/>\nNovo papa nasceu em Buenos Aires e come\u00e7ou a carreira eclesi\u00e1stica no norte da Argentina.<\/p>\n<p style=\"text-align: justify;\">Primeiro papa latino-americano da hist\u00f3ria da Igreja Cat\u00f3lica, Jorge Mario Bergoglio nasceu em Buenos Aires, capital da Argentina, em 17 de dezembro de 1936.<\/p>\n<p style=\"text-align: justify;\">Foi ordenado sacerdote em 13 de setembro de 1969. O jesu\u00edta foi nomeado bispo titular de Auca e auxiliar de Buenos Aires pelo papa Jo\u00e3o Paulo 2\u00ba em 20 de maio de 1992. No mesmo ano, ele foi confirmado como bispo titular da capital argentina em 27 de junho.<\/p>\n<p style=\"text-align: justify;\">A nomea\u00e7\u00e3o como arcebispo tamb\u00e9m foi feita por Jo\u00e3o Paulo 2\u00ba em 3 de junho de 1997. Chegou ao posto de cardeal pelas m\u00e3os do mesmo papa em 21 de fevereiro de 2001.<\/p>\n<p style=\"text-align: justify;\">Bergoglio \u00e9 o 266\u00aa papa da hist\u00f3ria da Igreja Cat\u00f3lica. Filho de um casal de italianos &#8211;Mario e Regina Bergoglio&#8211;, o religioso jesu\u00edta chegou a se formar como t\u00e9cnico qu\u00edmico, mas logo abra\u00e7ou o sacerd\u00f3cio e come\u00e7ou seus estudos religiosos no semin\u00e1rio de Villa Devoto, bairro da capital argentina.<\/p>\n<p style=\"text-align: justify;\">Estudou teologia na faculdade de teologia do do col\u00e9gio de San Jos\u00e9, em San Miguel de Tucum\u00e1n, cidade no norte da Argentina.<\/p>\n<p style=\"text-align: justify;\">Seu sacerd\u00f3cio come\u00e7ou em 1969, mesmo ano em que foi para Espanha completar sua forma\u00e7\u00e3o intelectual de jovem sacerdote na universidade Alcal\u00e1 de Henares, em Madri. A partir de seu retorno \u00e0 Argentina, em 1972, continuou sua carreira apost\u00f3lica no norte do pa\u00eds, na mesma San Miguel de Tucum\u00e1n.<\/p>\n<p style=\"text-align: justify;\">Bergoglio retornou a Europa em 1986, na Alemanha, para concluir seu doutorado, mas acabou retornando ao seu pa\u00eds no mesmo ano para assumir o cargo de diretor espiritual e confessor da Companhia de Jesus, em Cordoba.<\/p>\n<p style=\"text-align: justify;\">Seu retorno \u00e0 cidade natal aconteceu em 1992, quando foi nomeado por Jo\u00e3o Paulo 2\u00ba bispo de Auca e auxiliar de Buenos Aires.<br \/>\nEscolha aconteceu 13 dias ap\u00f3s ren\u00fancia de Bento 16<\/p>\n<p style=\"text-align: justify;\">Ap\u00f3s 13 dias da ren\u00fancia de Bento 16, a quinta vota\u00e7\u00e3o do conclave, realizada na tarde desta quarta-feira (13), terminou com a escolha do novo papa. \u00c0s 15h07 (Bras\u00edlia), uma fuma\u00e7a branca saiu da chamin\u00e9 da capela Sistina, indicando que os cardeais chegaram a um consenso sobre o pr\u00f3ximo l\u00edder da Igreja Cat\u00f3lica Apost\u00f3lica Romana.<\/p>\n<p style=\"text-align: justify;\">Os sinos da bas\u00edlica de S\u00e3o Pedro confirmaram que o novo pont\u00edfice recebeu ao menos dois ter\u00e7os dos votos dos cardeais e j\u00e1 aceitou a miss\u00e3o de comandar a Santa S\u00e9.<\/p>\n<p style=\"text-align: justify;\">O an\u00fancio dos nomes de batismo e pelo qual ser\u00e1 conhecido o sucessor de Bento 16 ser\u00e1 feito na sacada da bas\u00edlica de S\u00e3o Pedro, com a famosa frase: &#8220;Habemus Papam!&#8221;.<\/p>\n<p style=\"text-align: justify;\">A escolha foi realizada por 115 cardeais, sendo cinco brasileiros: dom Raymundo Damasceno Assis, 76; dom Odilo Scherer, 63; dom Geraldo Majella Agnelo, 79; dom Cl\u00e1udio Hummes, 78; e dom Jo\u00e3o Braz de Aviz, 64.<\/p>\n<p style=\"text-align: justify;\">Estavam aptos a votar apenas os cardeais com menos de 80 anos. A presen\u00e7a deles, segundo o Vaticano, era obrigat\u00f3ria. No entanto, dois eleitores conseguiram a dispensa necess\u00e1ria para n\u00e3o participarem da vota\u00e7\u00e3o, um por motivo de sa\u00fade (cardeal indon\u00e9sio Julius Darmaatjadja) e outro por ter renunciou ao cargo (cardeal brit\u00e2nico Keith O&#8217;Brien).<\/p>\n<p style=\"text-align: justify;\">A ren\u00fancia<\/p>\n<p style=\"text-align: justify;\">Bento 16 anunciou sua ren\u00fancia no dia 11 de fevereiro em um discurso pronunciado em latim durante um encontro de cardeais no Vaticano. Ao justificar sua decis\u00e3o, o pont\u00edfice de 85 anos alegou fragilidade por conta da idade avan\u00e7ada.<\/p>\n<p style=\"text-align: justify;\">O pont\u00edfice disse que &#8220;no mundo de hoje (&#8230;), \u00e9 necess\u00e1rio o vigor tanto do corpo como do esp\u00edrito, vigor que, nos \u00faltimos meses, diminuiu em mim de tal forma que eis de reconhecer minha incapacidade para exercer bem o minist\u00e9rio que me foi encomendado&#8221;.<\/p>\n<p style=\"text-align: justify;\">O Vaticano negou que uma doen\u00e7a tenha sido o motivo da ren\u00fancia. Mas, segundo o jornal &#8220;O Estado de S.Paulo&#8221;, uma disputa interna de poder praticada por ex-aliados nos \u00faltimos meses pode ser uma das raz\u00f5es para a tomada de decis\u00e3o do pont\u00edfice. Esta \u00e9 a primeira vez na era moderna que um papa da Igreja Cat\u00f3lica renuncia ao pontificado.<\/p>\n<p style=\"text-align: justify;\">J\u00e1 o jornal italiano &#8220;La Reppublica&#8221; relacionou a renuncia do pont\u00edfice a um relat\u00f3rio com cerca de 300 p\u00e1ginas sobre o esc\u00e2ndalo do vazamento de documentos confidenciais da Santa S\u00e9, redigido por tr\u00eas cardeais e entregue a Bento 16 em dezembro de 2012. O Vaticano reconheceu a exist\u00eancia do documento, mas descartou qualquer rela\u00e7\u00e3o com a decis\u00e3o do papa.<\/p>\n<p style=\"text-align: justify;\">A ren\u00fancia de Bento 16 foi oficializada no dia 28 de fevereiro. Ao se despedir dos cardeais no Vaticano, o papa Bento 16 disse que oferece ao futuro papa sua &#8220;obedi\u00eancia incondicional&#8221;. &#8220;Entre voc\u00eas, do Col\u00e9dio Cardenal\u00edcio, est\u00e1 o futuro papa, a quem eu prometo meu respeito incondicional e obedi\u00eancia. Continuarei perto de voc\u00eas com ora\u00e7\u00f5es, especialmente nestes dias [do conclave], para que sejais plenamente d\u00f3ceis \u00e0 a\u00e7\u00e3o do Esp\u00edrito Santo na elei\u00e7\u00e3o do papa&#8221;, afirmou o atual papa em\u00e9rito.<\/p>\n","protected":false},"excerpt":{"rendered":"<p>Do \u00a0UOL, em S\u00e3o Paulo A Igreja Cat\u00f3lica anunciou \u00e0s 20h14 (16h14 de Bras\u00edlia) desta quarta-feira (13) quem \u00e9 seu novo papa: o cardeal jesu\u00edta Jorge Mario Bergoglio, 76, da Argentina. Ele foi o escolhido para suceder Bento 16 no conclave que come\u00e7ou na ter\u00e7a-feira (12) e terminou hoje, \u00e0s 19h07 (15h07 de Bras\u00edlia), quando [&hellip;]<\/p>\n","protected":false},"author":1,"featured_media":45522,"comment_status":"closed","ping_status":"closed","sticky":false,"template":"","format":"standard","meta":{"footnotes":""},"categories":[310,46,1],"tags":[],"class_list":{"0":"post-45520","1":"post","2":"type-post","3":"status-publish","4":"format-standard","5":"has-post-thumbnail","7":"category-destaques-da-semana","8":"category-religiao","9":"category-sem-categoria"},"_links":{"self":[{"href":"https:\/\/senoticias.com.br\/se\/wp-json\/wp\/v2\/posts\/45520"}],"collection":[{"href":"https:\/\/senoticias.com.br\/se\/wp-json\/wp\/v2\/posts"}],"about":[{"href":"https:\/\/senoticias.com.br\/se\/wp-json\/wp\/v2\/types\/post"}],"author":[{"embeddable":true,"href":"https:\/\/senoticias.com.br\/se\/wp-json\/wp\/v2\/users\/1"}],"replies":[{"embeddable":true,"href":"https:\/\/senoticias.com.br\/se\/wp-json\/wp\/v2\/comments?post=45520"}],"version-history":[{"count":0,"href":"https:\/\/senoticias.com.br\/se\/wp-json\/wp\/v2\/posts\/45520\/revisions"}],"wp:featuredmedia":[{"embeddable":true,"href":"https:\/\/senoticias.com.br\/se\/wp-json\/wp\/v2\/media\/45522"}],"wp:attachment":[{"href":"https:\/\/senoticias.com.br\/se\/wp-json\/wp\/v2\/media?parent=45520"}],"wp:term":[{"taxonomy":"category","embeddable":true,"href":"https:\/\/senoticias.com.br\/se\/wp-json\/wp\/v2\/categories?post=45520"},{"taxonomy":"post_tag","embeddable":true,"href":"https:\/\/senoticias.com.br\/se\/wp-json\/wp\/v2\/tags?post=45520"}],"curies":[{"name":"wp","href":"https:\/\/api.w.org\/{rel}","templated":true}]}}