{"id":45516,"date":"2013-03-13T17:18:02","date_gmt":"2013-03-13T20:18:02","guid":{"rendered":"http:\/\/senoticias.com.br\/se\/?p=45516"},"modified":"2013-05-18T12:52:20","modified_gmt":"2013-05-18T15:52:20","slug":"estudantes-apoiam-greve-dos-professores-de-sao-cristovao-se","status":"publish","type":"post","link":"https:\/\/senoticias.com.br\/se\/estudantes-apoiam-greve-dos-professores-de-sao-cristovao-se\/","title":{"rendered":"Estudantes apoiam greve dos professores de S\u00e3o Crist\u00f3v\u00e3o, SE"},"content":{"rendered":"<p style=\"text-align: justify;\"><em><strong>Do G1 Sergipe<\/strong><\/em><\/p>\n<div id=\"attachment_45518\" style=\"width: 598px\" class=\"wp-caption aligncenter\"><a href=\"http:\/\/senoticias.com.br\/se\/wp-content\/uploads\/2013\/03\/20130312_204937.jpg\"><img loading=\"lazy\" decoding=\"async\" aria-describedby=\"caption-attachment-45518\" class=\"size-full wp-image-45518\" title=\"20130312_204937\" src=\"http:\/\/senoticias.com.br\/se\/wp-content\/uploads\/2013\/03\/20130312_204937.jpg\" alt=\"\" width=\"588\" height=\"441\" srcset=\"https:\/\/senoticias.com.br\/se\/wp-content\/uploads\/2013\/03\/20130312_204937.jpg 588w, https:\/\/senoticias.com.br\/se\/wp-content\/uploads\/2013\/03\/20130312_204937-300x225.jpg 300w, https:\/\/senoticias.com.br\/se\/wp-content\/uploads\/2013\/03\/20130312_204937-342x256.jpg 342w, https:\/\/senoticias.com.br\/se\/wp-content\/uploads\/2013\/03\/20130312_204937-60x45.jpg 60w, https:\/\/senoticias.com.br\/se\/wp-content\/uploads\/2013\/03\/20130312_204937-150x113.jpg 150w, https:\/\/senoticias.com.br\/se\/wp-content\/uploads\/2013\/03\/20130312_204937-269x201.jpg 269w\" sizes=\"(max-width: 588px) 100vw, 588px\" \/><\/a><p id=\"caption-attachment-45518\" class=\"wp-caption-text\">Alunos e professores fazem protesto contra bloqueio e corte de sal\u00e1rios em S\u00e3o Crist\u00f3v\u00e3o. (Foto: SE Not\u00edcias)<\/p><\/div>\n<p style=\"text-align: justify;\">A greve dos professores de S\u00e3o Crist\u00f3v\u00e3o (SE), na regi\u00e3o metropolitana de Aracaju, ganhou o refor\u00e7o dos estudantes do munic\u00edpio que de rostos pintados seguraram faixas e cartazes de rep\u00fadio contra a prefeita Rivanda Batalha (PSB). A manifesta\u00e7\u00e3o aconteceu na noite desta ter\u00e7a-feira (12), em frente \u00e0 C\u00e2mara Municipal da cidade, onde acontecia uma sess\u00e3o que debatia o caso.<\/p>\n<p style=\"text-align: justify;\">Paralisados desde o dia 04 deste m\u00eas, pela falta do pagamento dos sal\u00e1rios de dezembro, 13\u00ba e mais gratifica\u00e7\u00f5es, os profissionais da rede municipal dizem que n\u00e3o entendem qual o crit\u00e9rio utilizado para o corte do dinheiro e nem t\u00e3o pouco a prefeitura tem cumprido o que foi acordado entre os vereadores. Segundo os professores, em janeiro os servidores tiveram 40% do sal\u00e1rio cortado e em fevereiro 252 professores voltaram a n\u00e3o receber.<\/p>\n<p style=\"text-align: justify;\">\u201cEssa quest\u00e3o do corte nos sal\u00e1rios \u00e9 algo muito mal explicado e de pr\u00f3pria confus\u00e3o entre os gestores da cidade. Tem professor que j\u00e1 apresentou o plano de aula no in\u00edcio do ano e mesmo assim t\u00e1 sem receber nada\u201d, afirma a professora Ivanete Barreto.<\/p>\n<p style=\"text-align: justify;\">\u201cA cidade de S\u00e3o Crist\u00f3v\u00e3o \u00e9 sustentada pelo dinheiro dos servidores p\u00fablicos. \u00c9 triste ver professores que j\u00e1 est\u00e3o fazendo empr\u00e9stimos para poder se alimentar\u201d, disse o estudante J\u00falio C\u00e9sar Franco.<\/p>\n<p style=\"text-align: justify;\">A estudante Nasha Matos ressaltou que apesar do corte dos servidores, houve o aumento em outras taxas. \u201cA prefeita diz que precisa cortar gastos, mas a conta da luz e \u00e1gua aumentou de pre\u00e7o e os sal\u00e1rios dos vereadores continuam os mesmos\u201d.<\/p>\n<p style=\"text-align: justify;\">Segundo o representante da prefeita na C\u00e2mara Municipal, Gilson dos Santos, todos os cortes podem ser justificados. \u201cO professor que apresentar o seu plano de aula anual na sua respectiva unidade de ensino, vai receber o sal\u00e1rio normalmente\u201d, afirmou.<\/p>\n<p style=\"text-align: justify;\">O vereador Geverton Pereira defende que o maior problema em S\u00e3o Crist\u00f3v\u00e3o \u00e9 a falta de gest\u00e3o. \u201cN\u00e3o \u00e9 justo punir o servidor p\u00fablico pela falta de gest\u00e3o e o atraso desta cidade. Estamos fartos de tantas desculpas\u201d, enfatizou.<\/p>\n<p style=\"text-align: justify;\">O Sindicato dos Trabalhadores da Educa\u00e7\u00e3o de Sergipe (Sintese) vai abrir um mandato de seguran\u00e7a contra a prefeitura e diz que n\u00e3o recebeu notifica\u00e7\u00e3o legal sobre qualquer processo administrativo aberto pela prefeitura para apurar as irregularidades na educa\u00e7\u00e3o.<\/p>\n<p style=\"text-align: justify;\">\u201cOs professores continuam em greve porque entendem que o justo \u00e9 trabalhar e receber pelo servi\u00e7o prestado. N\u00e3o iremos descruzar os bra\u00e7os enquanto a prefeita n\u00e3o pagar o que deve e negociar a d\u00edvida\u201d, declarou o representante do Sintese, Erineto Vieira.<\/p>\n<p style=\"text-align: justify;\"><strong>Clique <a href=\"  http:\/\/g1.globo.com\/se\/sergipe\/noticia\/2013\/03\/estudantes-apoiam-greve-dos-professores-de-sao-cristovao-se.html\" target=\"_blank\">aqui e assista<\/a> a mat\u00e9ria completa<\/strong><\/p>\n<p style=\"text-align: justify;\"><strong>Clique <a href=\"  http:\/\/www.facebook.com\/media\/set\/?set=a.471507832920843.1073741826.100001848913727&amp;type=1\" target=\"_blank\">aqui e veja<\/a> mais fotos\u00a0<\/strong><\/p>\n","protected":false},"excerpt":{"rendered":"<p>Do G1 Sergipe A greve dos professores de S\u00e3o Crist\u00f3v\u00e3o (SE), na regi\u00e3o metropolitana de Aracaju, ganhou o refor\u00e7o dos estudantes do munic\u00edpio que de rostos pintados seguraram faixas e cartazes de rep\u00fadio contra a prefeita Rivanda Batalha (PSB). A manifesta\u00e7\u00e3o aconteceu na noite desta ter\u00e7a-feira (12), em frente \u00e0 C\u00e2mara Municipal da cidade, onde [&hellip;]<\/p>\n","protected":false},"author":1,"featured_media":45518,"comment_status":"closed","ping_status":"closed","sticky":false,"template":"","format":"standard","meta":{"footnotes":""},"categories":[310,38,3,1],"tags":[],"class_list":{"0":"post-45516","1":"post","2":"type-post","3":"status-publish","4":"format-standard","5":"has-post-thumbnail","7":"category-destaques-da-semana","8":"category-municipios","9":"category-saocristovao","10":"category-sem-categoria"},"_links":{"self":[{"href":"https:\/\/senoticias.com.br\/se\/wp-json\/wp\/v2\/posts\/45516"}],"collection":[{"href":"https:\/\/senoticias.com.br\/se\/wp-json\/wp\/v2\/posts"}],"about":[{"href":"https:\/\/senoticias.com.br\/se\/wp-json\/wp\/v2\/types\/post"}],"author":[{"embeddable":true,"href":"https:\/\/senoticias.com.br\/se\/wp-json\/wp\/v2\/users\/1"}],"replies":[{"embeddable":true,"href":"https:\/\/senoticias.com.br\/se\/wp-json\/wp\/v2\/comments?post=45516"}],"version-history":[{"count":0,"href":"https:\/\/senoticias.com.br\/se\/wp-json\/wp\/v2\/posts\/45516\/revisions"}],"wp:featuredmedia":[{"embeddable":true,"href":"https:\/\/senoticias.com.br\/se\/wp-json\/wp\/v2\/media\/45518"}],"wp:attachment":[{"href":"https:\/\/senoticias.com.br\/se\/wp-json\/wp\/v2\/media?parent=45516"}],"wp:term":[{"taxonomy":"category","embeddable":true,"href":"https:\/\/senoticias.com.br\/se\/wp-json\/wp\/v2\/categories?post=45516"},{"taxonomy":"post_tag","embeddable":true,"href":"https:\/\/senoticias.com.br\/se\/wp-json\/wp\/v2\/tags?post=45516"}],"curies":[{"name":"wp","href":"https:\/\/api.w.org\/{rel}","templated":true}]}}