{"id":45513,"date":"2013-03-13T15:19:17","date_gmt":"2013-03-13T18:19:17","guid":{"rendered":"http:\/\/senoticias.com.br\/se\/?p=45513"},"modified":"2013-03-13T18:37:49","modified_gmt":"2013-03-13T21:37:49","slug":"cardeais-escolhem-novo-papa-fumaca-branca-sai-de-chamine-da-capela-sistina","status":"publish","type":"post","link":"https:\/\/senoticias.com.br\/se\/cardeais-escolhem-novo-papa-fumaca-branca-sai-de-chamine-da-capela-sistina\/","title":{"rendered":"Cardeais escolhem novo papa; fuma\u00e7a branca sai de chamin\u00e9 da capela Sistina"},"content":{"rendered":"<p>&nbsp;<\/p>\n<div id=\"attachment_45514\" style=\"width: 310px\" class=\"wp-caption alignleft\"><a href=\"http:\/\/senoticias.com.br\/se\/wp-content\/uploads\/2013\/03\/fumaca-branca-sai-da-chamine-da-capela-sistina-no-vaticano-nesta-quarta-feira-13-sinal-de-que-os-cardeais-escolheram-o-novo-papa-1363198214610_615x300.jpg\"><img loading=\"lazy\" decoding=\"async\" aria-describedby=\"caption-attachment-45514\" class=\"size-medium wp-image-45514\" title=\"fumaca-branca-sai-da-chamine-da-capela-sistina-no-vaticano-nesta-quarta-feira-13-sinal-de-que-os-cardeais-escolheram-o-novo-papa-1363198214610_615x300\" src=\"http:\/\/senoticias.com.br\/se\/wp-content\/uploads\/2013\/03\/fumaca-branca-sai-da-chamine-da-capela-sistina-no-vaticano-nesta-quarta-feira-13-sinal-de-que-os-cardeais-escolheram-o-novo-papa-1363198214610_615x300-300x146.jpg\" alt=\"\" width=\"300\" height=\"146\" srcset=\"https:\/\/senoticias.com.br\/se\/wp-content\/uploads\/2013\/03\/fumaca-branca-sai-da-chamine-da-capela-sistina-no-vaticano-nesta-quarta-feira-13-sinal-de-que-os-cardeais-escolheram-o-novo-papa-1363198214610_615x300-300x146.jpg 300w, https:\/\/senoticias.com.br\/se\/wp-content\/uploads\/2013\/03\/fumaca-branca-sai-da-chamine-da-capela-sistina-no-vaticano-nesta-quarta-feira-13-sinal-de-que-os-cardeais-escolheram-o-novo-papa-1363198214610_615x300-342x166.jpg 342w, https:\/\/senoticias.com.br\/se\/wp-content\/uploads\/2013\/03\/fumaca-branca-sai-da-chamine-da-capela-sistina-no-vaticano-nesta-quarta-feira-13-sinal-de-que-os-cardeais-escolheram-o-novo-papa-1363198214610_615x300.jpg 615w\" sizes=\"(max-width: 300px) 100vw, 300px\" \/><\/a><p id=\"caption-attachment-45514\" class=\"wp-caption-text\">Fuma\u00e7a branca sai da chamin\u00e9 da Capela Sistina, no Vaticano, nesta quarta-feira (13), sinal de que os cardeais escolheram o novo papa. (Foto: Reprodu\u00e7\u00e3o)<\/p><\/div>\n<p style=\"text-align: justify;\">Ap\u00f3s 13 dias da ren\u00fancia de Bento 16, a quinta vota\u00e7\u00e3o do conclave, realizada na manh\u00e3 desta quarta-feira (13), terminou com a escolha do novo papa. \u00c0s 15h (Bras\u00edlia), uma fuma\u00e7a branca saiu da chamin\u00e9 da capela Sistina, indicando que os cardeais chegaram a um consenso sobre o pr\u00f3ximo l\u00edder da Igreja Cat\u00f3lica Apost\u00f3lica Romana.<\/p>\n<p style=\"text-align: justify;\">Os sinos da bas\u00edlica de S\u00e3o Pedro confirmaram que o novo pont\u00edfice recebeu ao menos dois ter\u00e7os dos votos dos cardeais e j\u00e1 aceitou a miss\u00e3o de comandar a Santa S\u00e9.<\/p>\n<p style=\"text-align: justify;\">O an\u00fancio dos nomes de batismo e pelo qual ser\u00e1 conhecido o sucessor de Bento 16 ser\u00e1 feito na sacada da bas\u00edlica de S\u00e3o Pedro, com a famosa frase: &#8220;Habemus Papam!&#8221;.<\/p>\n<p style=\"text-align: justify;\">A escolha foi realizada por 115 cardeais, sendo cinco brasileiros: dom Raymundo Damasceno Assis, 76; dom Odilo Scherer, 63; dom Geraldo Majella Agnelo, 79; dom Cl\u00e1udio Hummes, 78; e dom Jo\u00e3o Braz de Aviz, 64.<\/p>\n<p style=\"text-align: justify;\">Estavam aptos a votar apenas os cardeais com menos de 80 anos. A presen\u00e7a deles, segundo o Vaticano, era obrigat\u00f3ria. No entanto, dois eleitores conseguiram a dispensa necess\u00e1ria para n\u00e3o participarem da vota\u00e7\u00e3o, um por motivo de sa\u00fade (cardeal indon\u00e9sio Julius Darmaatjadja) e outro por ter renunciou ao cargo (cardeal brit\u00e2nico Keith O&#8217;Brien).<\/p>\n<p style=\"text-align: justify;\"><strong>A ren\u00fancia<\/strong><\/p>\n<p style=\"text-align: justify;\">Bento 16 anunciou sua ren\u00fancia no dia 11 de fevereiro em um discurso pronunciado em latim durante um encontro de cardeais no Vaticano. Ao justificar sua decis\u00e3o, o pont\u00edfice de 85 anos alegou fragilidade por conta da idade avan\u00e7ada.<\/p>\n<p style=\"text-align: justify;\">O pont\u00edfice disse que &#8220;no mundo de hoje (&#8230;), \u00e9 necess\u00e1rio o vigor tanto do corpo como do esp\u00edrito, vigor que, nos \u00faltimos meses, diminuiu em mim de tal forma que eis de reconhecer minha incapacidade para exercer bem o minist\u00e9rio que me foi encomendado&#8221;.<\/p>\n<p style=\"text-align: justify;\">O Vaticano negou que uma doen\u00e7a tenha sido o motivo da ren\u00fancia. Mas, segundo o jornal &#8220;O Estado de S.Paulo&#8221;, uma disputa interna de poder praticada por ex-aliados nos \u00faltimos meses pode ser uma das raz\u00f5es para a tomada de decis\u00e3o do pont\u00edfice. Esta \u00e9 a primeira vez na era moderna que um papa da Igreja Cat\u00f3lica renuncia ao pontificado.<\/p>\n<p style=\"text-align: justify;\">J\u00e1 o jornal italiano &#8220;La Reppublica&#8221; relacionou a renuncia do pont\u00edfice a um relat\u00f3rio com cerca de 300 p\u00e1ginas sobre o esc\u00e2ndalo do vazamento de documentos confidenciais da Santa S\u00e9, redigido por tr\u00eas cardeais e entregue a Bento 16 em dezembro de 2012. O Vaticano reconheceu a exist\u00eancia do documento, mas descartou qualquer rela\u00e7\u00e3o com a decis\u00e3o do papa.<\/p>\n<p style=\"text-align: justify;\">A ren\u00fancia de Bento 16 foi oficializada no dia 28 de fevereiro. Ao se despedir dos cardeais no Vaticano, o papa Bento 16 disse que oferece ao futuro papa sua &#8220;obedi\u00eancia incondicional&#8221;. &#8220;Entre voc\u00eas, do Col\u00e9dio Cardenal\u00edcio, est\u00e1 o futuro papa, a quem eu prometo meu respeito incondicional e obedi\u00eancia. Continuarei perto de voc\u00eas com ora\u00e7\u00f5es, especialmente nestes dias [do conclave], para que sejais plenamente d\u00f3ceis \u00e0 a\u00e7\u00e3o do Esp\u00edrito Santo na elei\u00e7\u00e3o do papa&#8221;, afirmou o atual papa em\u00e9rito.<\/p>\n<p style=\"text-align: justify;\"><em><strong>Do UOL, em S\u00e3o Paulo<\/strong><\/em><\/p>\n","protected":false},"excerpt":{"rendered":"<p>&nbsp; Ap\u00f3s 13 dias da ren\u00fancia de Bento 16, a quinta vota\u00e7\u00e3o do conclave, realizada na manh\u00e3 desta quarta-feira (13), terminou com a escolha do novo papa. \u00c0s 15h (Bras\u00edlia), uma fuma\u00e7a branca saiu da chamin\u00e9 da capela Sistina, indicando que os cardeais chegaram a um consenso sobre o pr\u00f3ximo l\u00edder da Igreja Cat\u00f3lica Apost\u00f3lica [&hellip;]<\/p>\n","protected":false},"author":1,"featured_media":45514,"comment_status":"closed","ping_status":"closed","sticky":false,"template":"","format":"standard","meta":{"footnotes":""},"categories":[310,46],"tags":[],"class_list":{"0":"post-45513","1":"post","2":"type-post","3":"status-publish","4":"format-standard","5":"has-post-thumbnail","7":"category-destaques-da-semana","8":"category-religiao"},"_links":{"self":[{"href":"https:\/\/senoticias.com.br\/se\/wp-json\/wp\/v2\/posts\/45513"}],"collection":[{"href":"https:\/\/senoticias.com.br\/se\/wp-json\/wp\/v2\/posts"}],"about":[{"href":"https:\/\/senoticias.com.br\/se\/wp-json\/wp\/v2\/types\/post"}],"author":[{"embeddable":true,"href":"https:\/\/senoticias.com.br\/se\/wp-json\/wp\/v2\/users\/1"}],"replies":[{"embeddable":true,"href":"https:\/\/senoticias.com.br\/se\/wp-json\/wp\/v2\/comments?post=45513"}],"version-history":[{"count":0,"href":"https:\/\/senoticias.com.br\/se\/wp-json\/wp\/v2\/posts\/45513\/revisions"}],"wp:featuredmedia":[{"embeddable":true,"href":"https:\/\/senoticias.com.br\/se\/wp-json\/wp\/v2\/media\/45514"}],"wp:attachment":[{"href":"https:\/\/senoticias.com.br\/se\/wp-json\/wp\/v2\/media?parent=45513"}],"wp:term":[{"taxonomy":"category","embeddable":true,"href":"https:\/\/senoticias.com.br\/se\/wp-json\/wp\/v2\/categories?post=45513"},{"taxonomy":"post_tag","embeddable":true,"href":"https:\/\/senoticias.com.br\/se\/wp-json\/wp\/v2\/tags?post=45513"}],"curies":[{"name":"wp","href":"https:\/\/api.w.org\/{rel}","templated":true}]}}