{"id":45510,"date":"2013-03-13T15:11:29","date_gmt":"2013-03-13T18:11:29","guid":{"rendered":"http:\/\/senoticias.com.br\/se\/?p=45510"},"modified":"2013-03-14T10:32:06","modified_gmt":"2013-03-14T13:32:06","slug":"justica-bloqueia-bens-de-empresarios-do-ramo-farmaceutico-acusados-de-crime-fiscal","status":"publish","type":"post","link":"https:\/\/senoticias.com.br\/se\/justica-bloqueia-bens-de-empresarios-do-ramo-farmaceutico-acusados-de-crime-fiscal\/","title":{"rendered":"Justi\u00e7a bloqueia bens de empres\u00e1rios do ramo farmac\u00eautico acusados de crime fiscal"},"content":{"rendered":"<p>&nbsp;<\/p>\n<p style=\"text-align: justify;\"><a href=\"http:\/\/senoticias.com.br\/se\/wp-content\/uploads\/2012\/10\/MPE.jpg\"><img loading=\"lazy\" decoding=\"async\" class=\"alignleft size-full wp-image-40292\" title=\"MPE\" src=\"http:\/\/senoticias.com.br\/se\/wp-content\/uploads\/2012\/10\/MPE.jpg\" alt=\"\" width=\"279\" height=\"181\" \/><\/a>A pedido do Minist\u00e9rio P\u00fablico, por interm\u00e9dio da Promotoria de Justi\u00e7a de Defesa da Ordem Tribut\u00e1ria, a Ju\u00edza de Direito da 3\u00aa Vara Criminal da Capital, Dra. Val\u00e9ria de Oliveira Lazar Lib\u00f3rio, acatou pedido de sequestro de bens de empres\u00e1rio\/s\u00f3cios e diretores das empresas Mega Farm e Master Farma Distribuidora do ramo farmac\u00eautico.<\/p>\n<p style=\"text-align: justify;\">De acordo com a decis\u00e3o, o sequestro de bens previsto em lei &#8220;versa sobre a possibilidade de submeter todo o patrim\u00f4nio da pessoa suspeita de ter praticado crime de que resulte preju\u00edzo para a Fazenda P\u00fablica, ainda que em poder de terceiros, n\u00e3o importando a proced\u00eancia dos bens&#8221;.<\/p>\n<p style=\"text-align: justify;\">A medida determinou o bloqueio de ve\u00edculos, casas, e apartamentos situados em bairro nobre da cidade de Aracaju e de propriedade das empresas, dos s\u00f3cios e diretores das citadas empresas.<\/p>\n<p style=\"text-align: justify;\">O valor total da fraude tribut\u00e1ria verificada pelo Minist\u00e9rio P\u00fablico e praticada pelas empresas em quest\u00e3o, ultrapassa a cifra de 7 milh\u00f5es de reais que foram desviados dos cofres p\u00fablicos. Os Promotores de Justi\u00e7a da Defesa da Ordem Tribut\u00e1ria e respons\u00e1veis pelo caso, Dr. Ren\u00ea Erba e Dr. Jarbas Adelino Santos J\u00fanior, esclareceram que decis\u00f5es como esta \u00e9 que atendem aos anseios da sociedade.<\/p>\n<p style=\"text-align: justify;\">&#8220;\u00c9 atrav\u00e9s da recupera\u00e7\u00e3o do tributo sonegado, que surge a possibilidade de melhorar a vida da popula\u00e7\u00e3o com a presta\u00e7\u00e3o de servi\u00e7os p\u00fablicos de mais qualidade, tais quais: sa\u00fade, educa\u00e7\u00e3o, seguran\u00e7a p\u00fablica, transporte, dentre outros&#8221;, informou Dr. Ren\u00ea Erba.<\/p>\n<p style=\"text-align: justify;\">O Promotor disse, ainda: &#8220;o trabalho conjunto do Minist\u00e9rio P\u00fablico, da Delegacia da Ordem Tribut\u00e1ria, da Secretaria da Fazenda e da Pol\u00edcia Federal foi decisivo para o resultado alcan\u00e7ado&#8221;.<\/p>\n<p><span style=\"color: #333333;\"><strong>Assessoria de Comunica\u00e7\u00e3o \/ Minist\u00e9rio P\u00fablico de Sergipe<\/strong><\/span><\/p>\n","protected":false},"excerpt":{"rendered":"<p>&nbsp; A pedido do Minist\u00e9rio P\u00fablico, por interm\u00e9dio da Promotoria de Justi\u00e7a de Defesa da Ordem Tribut\u00e1ria, a Ju\u00edza de Direito da 3\u00aa Vara Criminal da Capital, Dra. Val\u00e9ria de Oliveira Lazar Lib\u00f3rio, acatou pedido de sequestro de bens de empres\u00e1rio\/s\u00f3cios e diretores das empresas Mega Farm e Master Farma Distribuidora do ramo farmac\u00eautico. De [&hellip;]<\/p>\n","protected":false},"author":1,"featured_media":40292,"comment_status":"closed","ping_status":"closed","sticky":false,"template":"","format":"standard","meta":{"footnotes":""},"categories":[310],"tags":[],"class_list":{"0":"post-45510","1":"post","2":"type-post","3":"status-publish","4":"format-standard","5":"has-post-thumbnail","7":"category-destaques-da-semana"},"_links":{"self":[{"href":"https:\/\/senoticias.com.br\/se\/wp-json\/wp\/v2\/posts\/45510"}],"collection":[{"href":"https:\/\/senoticias.com.br\/se\/wp-json\/wp\/v2\/posts"}],"about":[{"href":"https:\/\/senoticias.com.br\/se\/wp-json\/wp\/v2\/types\/post"}],"author":[{"embeddable":true,"href":"https:\/\/senoticias.com.br\/se\/wp-json\/wp\/v2\/users\/1"}],"replies":[{"embeddable":true,"href":"https:\/\/senoticias.com.br\/se\/wp-json\/wp\/v2\/comments?post=45510"}],"version-history":[{"count":0,"href":"https:\/\/senoticias.com.br\/se\/wp-json\/wp\/v2\/posts\/45510\/revisions"}],"wp:featuredmedia":[{"embeddable":true,"href":"https:\/\/senoticias.com.br\/se\/wp-json\/wp\/v2\/media\/40292"}],"wp:attachment":[{"href":"https:\/\/senoticias.com.br\/se\/wp-json\/wp\/v2\/media?parent=45510"}],"wp:term":[{"taxonomy":"category","embeddable":true,"href":"https:\/\/senoticias.com.br\/se\/wp-json\/wp\/v2\/categories?post=45510"},{"taxonomy":"post_tag","embeddable":true,"href":"https:\/\/senoticias.com.br\/se\/wp-json\/wp\/v2\/tags?post=45510"}],"curies":[{"name":"wp","href":"https:\/\/api.w.org\/{rel}","templated":true}]}}