{"id":45502,"date":"2013-03-13T12:33:48","date_gmt":"2013-03-13T15:33:48","guid":{"rendered":"http:\/\/senoticias.com.br\/se\/?p=45502"},"modified":"2013-05-18T12:52:20","modified_gmt":"2013-05-18T15:52:20","slug":"vereador-irmao-gibson-pode-perder-o-mandato-por-compra-de-votos","status":"publish","type":"post","link":"https:\/\/senoticias.com.br\/se\/vereador-irmao-gibson-pode-perder-o-mandato-por-compra-de-votos\/","title":{"rendered":"Vereador Irm\u00e3o Gibson pode perder o mandato por compra de votos"},"content":{"rendered":"<p style=\"text-align: justify;\">A C\u00e2mara Municipal de S\u00e3o Crist\u00f3v\u00e3o pode sofrer altera\u00e7\u00e3o em seu quadro de vereadores. O suplente de vereador, Edvaldo da Silva Andrade, juntamente com o motorista Reinaldo Santana, protocolou no Juizado Eleitoral da Comarca de S\u00e3o Crist\u00f3v\u00e3o, no dia 27 de fevereiro, uma representa\u00e7\u00e3o criminal eleitoral por viola\u00e7\u00e3o de sufr\u00e1gio contra o vereador Gibson Rodrigues Cruz (Irm\u00e3o Gibson), do PSC.<\/p>\n<div id=\"attachment_45507\" style=\"width: 563px\" class=\"wp-caption aligncenter\"><a href=\"http:\/\/senoticias.com.br\/se\/wp-content\/uploads\/2013\/03\/DSC05583.jpg\"><img loading=\"lazy\" decoding=\"async\" aria-describedby=\"caption-attachment-45507\" class=\"size-full wp-image-45507\" title=\"DSC05583\" src=\"http:\/\/senoticias.com.br\/se\/wp-content\/uploads\/2013\/03\/DSC05583.jpg\" alt=\"\" width=\"553\" height=\"415\" srcset=\"https:\/\/senoticias.com.br\/se\/wp-content\/uploads\/2013\/03\/DSC05583.jpg 553w, https:\/\/senoticias.com.br\/se\/wp-content\/uploads\/2013\/03\/DSC05583-300x225.jpg 300w, https:\/\/senoticias.com.br\/se\/wp-content\/uploads\/2013\/03\/DSC05583-342x256.jpg 342w, https:\/\/senoticias.com.br\/se\/wp-content\/uploads\/2013\/03\/DSC05583-60x45.jpg 60w, https:\/\/senoticias.com.br\/se\/wp-content\/uploads\/2013\/03\/DSC05583-150x113.jpg 150w, https:\/\/senoticias.com.br\/se\/wp-content\/uploads\/2013\/03\/DSC05583-269x201.jpg 269w\" sizes=\"(max-width: 553px) 100vw, 553px\" \/><\/a><p id=\"caption-attachment-45507\" class=\"wp-caption-text\">O Minist\u00e9rio P\u00fablico Estadual (MPE) est\u00e1 investigando uma den\u00fancia de suposta capta\u00e7\u00e3o il\u00edcita de votos por parte do vereador Gibson Rodrigues Cruz (Irm\u00e3o Gibson) do PSC de S\u00e3o Crist\u00f3v\u00e3o. (Foto: arquivo SE Not\u00edcias)<\/p><\/div>\n<p style=\"text-align: justify;\">Na a\u00e7\u00e3o, os autores alegam que Irm\u00e3o Gibson foi eleito na base da compra de votos, inclusive, prometendo uma s\u00e9rie de benef\u00edcios aos eleitores, entre eles, presta\u00e7\u00e3o de servi\u00e7os e promessas de emprego, al\u00e9m da aquisi\u00e7\u00e3o direta de votos mediante custeamento de bens.<\/p>\n<p style=\"text-align: justify;\"><strong>A Lei Federal 9.504, em seu artigo 41-A<\/strong>, expressa claramente que constitui capta\u00e7\u00e3o de sufr\u00e1gio o candidato doar, oferecer, prometer ou entregar ao eleitor, com o fim de obter-lhe o voto, bem ou vantagem pessoal de qualquer natureza, inclusive emprego ou fun\u00e7\u00e3o publica, desde o registro da candidatura at\u00e9 o dia da elei\u00e7\u00e3o, sob pena de multa e cassa\u00e7\u00e3o do registro ou diploma.<\/p>\n<p style=\"text-align: justify;\">Caso o juiz eleitoral acate as den\u00fancias e conceda a condena\u00e7\u00e3o, Irm\u00e3o Gibson perder\u00e1 o mandato de vereador e poder\u00e1 ficar ineleg\u00edvel pelo prazo de oito anos, sendo enquadrado na Lei da Ficha Limpa.<\/p>\n<p style=\"text-align: justify;\"><strong>Outro lado<\/strong><\/p>\n<p style=\"text-align: justify;\">O vereador foi procurado pela nossa reportagem para falar sobre o assunto, mas disse que s\u00f3 vai falar em ju\u00edzo. A princ\u00edpio ele negou as acusa\u00e7\u00f5es e garantiu ser inocente.<\/p>\n<p style=\"text-align: justify;\"><strong>Caso semelhante<\/strong><\/p>\n<p style=\"text-align: justify;\">O presidente da C\u00e2mara de Vereadores de Areia Branca, Gilbran Ramos Boaventura (PDT), perdeu o mandato de vereador devido a den\u00fancias de compra de votos, ap\u00f3s decis\u00e3o do juiz Jos\u00e9 Amintas Menezes da Comarca de Laranjeiras.<\/p>\n<p style=\"text-align: justify;\"><strong>Clique <a href=\" http:\/\/senoticias.com.br\/se\/wp-content\/uploads\/2013\/03\/Vereador-Irm\u00e3o-Gibson.pdf\">aqui<\/a>\u00a0e confira a \u00edntegra da denuncia<\/strong><\/p>\n<p style=\"text-align: justify;\"><strong><span style=\"color: #333333;\">por Paulo Sousa<\/span><\/strong><\/p>\n","protected":false},"excerpt":{"rendered":"<p>A C\u00e2mara Municipal de S\u00e3o Crist\u00f3v\u00e3o pode sofrer altera\u00e7\u00e3o em seu quadro de vereadores. O suplente de vereador, Edvaldo da Silva Andrade, juntamente com o motorista Reinaldo Santana, protocolou no Juizado Eleitoral da Comarca de S\u00e3o Crist\u00f3v\u00e3o, no dia 27 de fevereiro, uma representa\u00e7\u00e3o criminal eleitoral por viola\u00e7\u00e3o de sufr\u00e1gio contra o vereador Gibson Rodrigues [&hellip;]<\/p>\n","protected":false},"author":1,"featured_media":45507,"comment_status":"closed","ping_status":"closed","sticky":false,"template":"","format":"standard","meta":{"footnotes":""},"categories":[38,6,3],"tags":[],"class_list":{"0":"post-45502","1":"post","2":"type-post","3":"status-publish","4":"format-standard","5":"has-post-thumbnail","7":"category-municipios","8":"category-politica","9":"category-saocristovao"},"_links":{"self":[{"href":"https:\/\/senoticias.com.br\/se\/wp-json\/wp\/v2\/posts\/45502"}],"collection":[{"href":"https:\/\/senoticias.com.br\/se\/wp-json\/wp\/v2\/posts"}],"about":[{"href":"https:\/\/senoticias.com.br\/se\/wp-json\/wp\/v2\/types\/post"}],"author":[{"embeddable":true,"href":"https:\/\/senoticias.com.br\/se\/wp-json\/wp\/v2\/users\/1"}],"replies":[{"embeddable":true,"href":"https:\/\/senoticias.com.br\/se\/wp-json\/wp\/v2\/comments?post=45502"}],"version-history":[{"count":0,"href":"https:\/\/senoticias.com.br\/se\/wp-json\/wp\/v2\/posts\/45502\/revisions"}],"wp:featuredmedia":[{"embeddable":true,"href":"https:\/\/senoticias.com.br\/se\/wp-json\/wp\/v2\/media\/45507"}],"wp:attachment":[{"href":"https:\/\/senoticias.com.br\/se\/wp-json\/wp\/v2\/media?parent=45502"}],"wp:term":[{"taxonomy":"category","embeddable":true,"href":"https:\/\/senoticias.com.br\/se\/wp-json\/wp\/v2\/categories?post=45502"},{"taxonomy":"post_tag","embeddable":true,"href":"https:\/\/senoticias.com.br\/se\/wp-json\/wp\/v2\/tags?post=45502"}],"curies":[{"name":"wp","href":"https:\/\/api.w.org\/{rel}","templated":true}]}}