{"id":45498,"date":"2013-03-13T11:12:46","date_gmt":"2013-03-13T14:12:46","guid":{"rendered":"http:\/\/senoticias.com.br\/se\/?p=45498"},"modified":"2013-03-13T11:17:00","modified_gmt":"2013-03-13T14:17:00","slug":"policia-prende-mae-e-filho-e-apreende-2-kg-de-crack-e-arma-de-fogo-em-aracaju","status":"publish","type":"post","link":"https:\/\/senoticias.com.br\/se\/policia-prende-mae-e-filho-e-apreende-2-kg-de-crack-e-arma-de-fogo-em-aracaju\/","title":{"rendered":"Pol\u00edcia prende m\u00e3e e filho e apreende 2 kg de crack e arma de fogo em Aracaju"},"content":{"rendered":"<div id=\"attachment_45500\" style=\"width: 310px\" class=\"wp-caption alignleft\"><a href=\"http:\/\/senoticias.com.br\/se\/wp-content\/uploads\/2013\/03\/denarc_1.jpg\"><img loading=\"lazy\" decoding=\"async\" aria-describedby=\"caption-attachment-45500\" class=\"size-medium wp-image-45500\" title=\"denarc_1\" src=\"http:\/\/senoticias.com.br\/se\/wp-content\/uploads\/2013\/03\/denarc_1-300x199.jpg\" alt=\"\" width=\"300\" height=\"199\" srcset=\"https:\/\/senoticias.com.br\/se\/wp-content\/uploads\/2013\/03\/denarc_1-300x199.jpg 300w, https:\/\/senoticias.com.br\/se\/wp-content\/uploads\/2013\/03\/denarc_1-342x227.jpg 342w, https:\/\/senoticias.com.br\/se\/wp-content\/uploads\/2013\/03\/denarc_1.jpg 500w\" sizes=\"(max-width: 300px) 100vw, 300px\" \/><\/a><p id=\"caption-attachment-45500\" class=\"wp-caption-text\">Denarc prende m\u00e3e e filho e apreende 2 kg de crack e arma. (Foto: SSP\/SE)<\/p><\/div>\n<p style=\"text-align: justify;\">Uma opera\u00e7\u00e3o desencadeada no final da manh\u00e3 desta ter\u00e7a-feira, 12, pelo Departamento de Narc\u00f3ticos da Pol\u00edcia Civil (Denarc) culminou com a pris\u00e3o de m\u00e3e e filho acusados de envolvimento com o tr\u00e1fico de drogas na regi\u00e3o do bairro Coroa do Meio, zona sul de Aracaju. Na ocasi\u00e3o foram apreendidos dois quilos de crack.<\/p>\n<p style=\"text-align: justify;\">Os presos foram identificados como Maria de Jesus Ferreira Vieira, 59 anos, e Carlos Alexandre Vieira, 30 anos, conhecido como &#8220;Picol\u00e9&#8221;. &#8220;V\u00ednhamos recebendo reclama\u00e7\u00f5es de moradores da \u00e1rea da Coroa do Meio sobre o tr\u00e1fico de drogas e descobrimos que a distribui\u00e7\u00e3o estava sendo feita a partir da casa de Carlos Alexandre&#8221;, destacou o delegado F\u00e1bio Pereira.<\/p>\n<p style=\"text-align: justify;\">A droga foi encontrada enterrada nas proximidades de um banheiro no quintal da casa dos presos. Segundo a pol\u00edcia, ela estava fracionada em v\u00e1rias trouxas, cada uma pesando cerca de 50 gramas. &#8220;Tudo indica que o entorpecente seria repassado para traficantes menores para ser comercializado na regi\u00e3o dos bairros Atalaia e Coroa do Meio&#8221;, explicou o delegado.<\/p>\n<p style=\"text-align: justify;\">Dentro da casa da dupla foi encontrado ainda um rev\u00f3lver calibre 38 com v\u00e1rias muni\u00e7\u00f5es e uma balan\u00e7a de precis\u00e3o que Maria de Jesus tentou esconder ap\u00f3s observar a chegada dos policiais. A quantidade de droga apreendida dava para ser dividida em seis mil pedrinhas para o consumo dos viciados.<\/p>\n<p style=\"text-align: justify;\">O delegado n\u00e3o descarta que os dois fa\u00e7am parte de uma quadrilha maior e mais organizada. \u201cVamos fazer uma investiga\u00e7\u00e3o detalhada a fim de apurar esta suspeita\u201d, destacou Pereira. Ele lembrou que Carlos Alexandre foi condenado no passado pelo crime de tr\u00e1fico de entorpecentes e atualmente estava no regime semi-aberto.<\/p>\n<p style=\"text-align: justify;\">\u201cEstas pris\u00f5es ocorreram porque a popula\u00e7\u00e3o colaborou com a pol\u00edcia e denunciou os suspeitos . Realizamos dilig\u00eancias na regi\u00e3o e comprovamos que o crime de tr\u00e1fico estava ocorrendo na regi\u00e3o\u201d, explicou Pereira. Informa\u00e7\u00f5es sobre crimes podem ser repassadas anonimamente para o n\u00famero 181, Disque-Den\u00fancia da Pol\u00edcia Civil.<\/p>\n<p style=\"text-align: justify;\"><em><strong>Ascom\/SSP\/SE<\/strong><\/em><\/p>\n","protected":false},"excerpt":{"rendered":"<p>Uma opera\u00e7\u00e3o desencadeada no final da manh\u00e3 desta ter\u00e7a-feira, 12, pelo Departamento de Narc\u00f3ticos da Pol\u00edcia Civil (Denarc) culminou com a pris\u00e3o de m\u00e3e e filho acusados de envolvimento com o tr\u00e1fico de drogas na regi\u00e3o do bairro Coroa do Meio, zona sul de Aracaju. Na ocasi\u00e3o foram apreendidos dois quilos de crack. Os presos [&hellip;]<\/p>\n","protected":false},"author":1,"featured_media":45500,"comment_status":"closed","ping_status":"closed","sticky":false,"template":"","format":"standard","meta":{"footnotes":""},"categories":[7],"tags":[],"class_list":{"0":"post-45498","1":"post","2":"type-post","3":"status-publish","4":"format-standard","5":"has-post-thumbnail","7":"category-policia"},"_links":{"self":[{"href":"https:\/\/senoticias.com.br\/se\/wp-json\/wp\/v2\/posts\/45498"}],"collection":[{"href":"https:\/\/senoticias.com.br\/se\/wp-json\/wp\/v2\/posts"}],"about":[{"href":"https:\/\/senoticias.com.br\/se\/wp-json\/wp\/v2\/types\/post"}],"author":[{"embeddable":true,"href":"https:\/\/senoticias.com.br\/se\/wp-json\/wp\/v2\/users\/1"}],"replies":[{"embeddable":true,"href":"https:\/\/senoticias.com.br\/se\/wp-json\/wp\/v2\/comments?post=45498"}],"version-history":[{"count":0,"href":"https:\/\/senoticias.com.br\/se\/wp-json\/wp\/v2\/posts\/45498\/revisions"}],"wp:featuredmedia":[{"embeddable":true,"href":"https:\/\/senoticias.com.br\/se\/wp-json\/wp\/v2\/media\/45500"}],"wp:attachment":[{"href":"https:\/\/senoticias.com.br\/se\/wp-json\/wp\/v2\/media?parent=45498"}],"wp:term":[{"taxonomy":"category","embeddable":true,"href":"https:\/\/senoticias.com.br\/se\/wp-json\/wp\/v2\/categories?post=45498"},{"taxonomy":"post_tag","embeddable":true,"href":"https:\/\/senoticias.com.br\/se\/wp-json\/wp\/v2\/tags?post=45498"}],"curies":[{"name":"wp","href":"https:\/\/api.w.org\/{rel}","templated":true}]}}