{"id":45491,"date":"2013-03-13T10:35:18","date_gmt":"2013-03-13T13:35:18","guid":{"rendered":"http:\/\/senoticias.com.br\/se\/?p=45491"},"modified":"2013-03-13T10:36:54","modified_gmt":"2013-03-13T13:36:54","slug":"homem-que-esfaqueou-mulher-gravida-e-matou-o-prorpio-filho-e-preso-em-carira","status":"publish","type":"post","link":"https:\/\/senoticias.com.br\/se\/homem-que-esfaqueou-mulher-gravida-e-matou-o-prorpio-filho-e-preso-em-carira\/","title":{"rendered":"Homem que esfaqueou mulher gr\u00e1vida e matou o pr\u00f3rpio filho \u00e9 preso em Carira"},"content":{"rendered":"<p>&nbsp;<\/p>\n<p><em><strong><a href=\" http:\/\/www.itnet.com.br\/materia-20309-1\" target=\"_blank\">Da reda\u00e7\u00e3o Itnet, Leonardo Dias<\/a><\/strong><\/em><\/p>\n<div id=\"attachment_45492\" style=\"width: 310px\" class=\"wp-caption alignleft\"><a href=\"http:\/\/senoticias.com.br\/se\/wp-content\/uploads\/2013\/03\/vinte.jpg\"><img loading=\"lazy\" decoding=\"async\" aria-describedby=\"caption-attachment-45492\" class=\"size-medium wp-image-45492\" title=\"vinte\" src=\"http:\/\/senoticias.com.br\/se\/wp-content\/uploads\/2013\/03\/vinte-300x225.jpg\" alt=\"\" width=\"300\" height=\"225\" srcset=\"https:\/\/senoticias.com.br\/se\/wp-content\/uploads\/2013\/03\/vinte-300x225.jpg 300w, https:\/\/senoticias.com.br\/se\/wp-content\/uploads\/2013\/03\/vinte-342x256.jpg 342w, https:\/\/senoticias.com.br\/se\/wp-content\/uploads\/2013\/03\/vinte-60x45.jpg 60w, https:\/\/senoticias.com.br\/se\/wp-content\/uploads\/2013\/03\/vinte-150x113.jpg 150w, https:\/\/senoticias.com.br\/se\/wp-content\/uploads\/2013\/03\/vinte-269x201.jpg 269w, https:\/\/senoticias.com.br\/se\/wp-content\/uploads\/2013\/03\/vinte.jpg 640w\" sizes=\"(max-width: 300px) 100vw, 300px\" \/><\/a><p id=\"caption-attachment-45492\" class=\"wp-caption-text\">Diony dos Santos, 20 anos, respons\u00e1vel pela tentativa de homic\u00eddio contra a sua ex-namorada. (Foto: Lucas Santana \/ Sistema Vip)<\/p><\/div>\n<p style=\"text-align: justify;\">Na \u00faltima semana, a Pol\u00edcia Civil do munic\u00edpio de Carira, situado a 112 km de Aracaju, sob o comando do delegado Paulo Jos\u00e9, efetuaram a pris\u00e3o de Jos\u00e9 Diony dos Santos, 20 anos, respons\u00e1vel pela tentativa de homic\u00eddio contra a sua ex-namorada, a adolescente Jocimara Santos da Sila, 16 anos.<\/p>\n<p style=\"text-align: justify;\">O crime foi praticado no dia 7 de dezembro de 2012, e chocou a popula\u00e7\u00e3o de Carira. Era por volta das 19h, em sua resid\u00eancia, quando ap\u00f3s uma briga, Jocimara Santos foi brutalmente esfaqueada pelo ex-companheiro. Na \u00e9poca, a adolescente estava gr\u00e1vida de nove meses, e devido \u00e0s agress\u00f5es, perdeu o beb\u00ea.<\/p>\n<p style=\"text-align: justify;\">Informa\u00e7\u00f5es d\u00e3o conta de que a agress\u00e3o teria sido motivada pelo fim do relacionamento do casal.<\/p>\n","protected":false},"excerpt":{"rendered":"<p>&nbsp; Da reda\u00e7\u00e3o Itnet, Leonardo Dias Na \u00faltima semana, a Pol\u00edcia Civil do munic\u00edpio de Carira, situado a 112 km de Aracaju, sob o comando do delegado Paulo Jos\u00e9, efetuaram a pris\u00e3o de Jos\u00e9 Diony dos Santos, 20 anos, respons\u00e1vel pela tentativa de homic\u00eddio contra a sua ex-namorada, a adolescente Jocimara Santos da Sila, 16 [&hellip;]<\/p>\n","protected":false},"author":1,"featured_media":45492,"comment_status":"closed","ping_status":"closed","sticky":false,"template":"","format":"standard","meta":{"footnotes":""},"categories":[7],"tags":[],"class_list":{"0":"post-45491","1":"post","2":"type-post","3":"status-publish","4":"format-standard","5":"has-post-thumbnail","7":"category-policia"},"_links":{"self":[{"href":"https:\/\/senoticias.com.br\/se\/wp-json\/wp\/v2\/posts\/45491"}],"collection":[{"href":"https:\/\/senoticias.com.br\/se\/wp-json\/wp\/v2\/posts"}],"about":[{"href":"https:\/\/senoticias.com.br\/se\/wp-json\/wp\/v2\/types\/post"}],"author":[{"embeddable":true,"href":"https:\/\/senoticias.com.br\/se\/wp-json\/wp\/v2\/users\/1"}],"replies":[{"embeddable":true,"href":"https:\/\/senoticias.com.br\/se\/wp-json\/wp\/v2\/comments?post=45491"}],"version-history":[{"count":0,"href":"https:\/\/senoticias.com.br\/se\/wp-json\/wp\/v2\/posts\/45491\/revisions"}],"wp:featuredmedia":[{"embeddable":true,"href":"https:\/\/senoticias.com.br\/se\/wp-json\/wp\/v2\/media\/45492"}],"wp:attachment":[{"href":"https:\/\/senoticias.com.br\/se\/wp-json\/wp\/v2\/media?parent=45491"}],"wp:term":[{"taxonomy":"category","embeddable":true,"href":"https:\/\/senoticias.com.br\/se\/wp-json\/wp\/v2\/categories?post=45491"},{"taxonomy":"post_tag","embeddable":true,"href":"https:\/\/senoticias.com.br\/se\/wp-json\/wp\/v2\/tags?post=45491"}],"curies":[{"name":"wp","href":"https:\/\/api.w.org\/{rel}","templated":true}]}}