{"id":45487,"date":"2013-03-13T10:09:08","date_gmt":"2013-03-13T13:09:08","guid":{"rendered":"http:\/\/senoticias.com.br\/se\/?p=45487"},"modified":"2013-03-14T08:43:00","modified_gmt":"2013-03-14T11:43:00","slug":"radialista-joy-feitosa-acusa-ex-prefeito-sukita-de-traidor","status":"publish","type":"post","link":"https:\/\/senoticias.com.br\/se\/radialista-joy-feitosa-acusa-ex-prefeito-sukita-de-traidor\/","title":{"rendered":"Radialista Joy Feitosa acusa ex-prefeito Sukita de tra\u00eddor"},"content":{"rendered":"<p><span style=\"color: #0000ff;\"><strong><a href=\" http:\/\/cajunews.com.br\/renovacao-do-contrato-da-megga-fm-resulta-no-fim-da-sociedade-entre-sukita-e-joi-feitosa-radialista-diz-que-foi-traido-por-sukita\/\" target=\"_blank\">por PAULO SOUSA\/CAJU NEWS<\/a><\/strong><\/span><\/p>\n<div id=\"attachment_45488\" style=\"width: 234px\" class=\"wp-caption alignleft\"><a href=\"http:\/\/senoticias.com.br\/se\/wp-content\/uploads\/2013\/03\/sukita3-224x150.jpg\"><img loading=\"lazy\" decoding=\"async\" aria-describedby=\"caption-attachment-45488\" class=\"size-full wp-image-45488\" title=\"sukita3-224x150\" src=\"http:\/\/senoticias.com.br\/se\/wp-content\/uploads\/2013\/03\/sukita3-224x150.jpg\" alt=\"\" width=\"224\" height=\"150\" \/><\/a><p id=\"caption-attachment-45488\" class=\"wp-caption-text\">Ex-prefeito Sukita. (Foto: reprodu\u00e7\u00e3o)<\/p><\/div>\n<p style=\"text-align: justify;\">A amizade e o bom relacionamento profissional entre o radialista Joy Feitosa e o empres\u00e1rio e ex-prefeito de Capela, Manoel Sukita, est\u00e3o comprometidos. \u00c9 que o radialista deixou a dire\u00e7\u00e3o e locu\u00e7\u00e3o da Megga FM, em que apresentava um programa musical, logo ap\u00f3s o \u201cA Hora da Verdade\u201d, comandado pelo jornalista George Magalh\u00e3es.<\/p>\n<p style=\"text-align: justify;\">Al\u00e9m de coordenador e locutor da emissora, Joi tamb\u00e9m era s\u00f3cio da Megga FM. Na sociedade ele era detentor de 30% das a\u00e7\u00f5es da Megga FM, enquanto Sukita era o majorit\u00e1rio, com 70% das a\u00e7\u00f5es.<\/p>\n<p style=\"text-align: justify;\">Procurado pela reportagem do Caju News, o radialista Joy Feitosa preferiu n\u00e3o conceder entrevista. Demonstrando estar decepcionado com Sukita, Feitosa apenas lamentou o fim da sociedade e desabafou: \u201cFui tra\u00eddo, nosso amigo Sukita me traiu. Fechou a renova\u00e7\u00e3o do contrato sem a minha participa\u00e7\u00e3o\u201d.<\/p>\n<p style=\"text-align: justify;\">O Caju News tamb\u00e9m procurou o empres\u00e1rio Sukita para esclarecer o fim da sociedade. Na entrevista, o mais novo empres\u00e1rio da comunica\u00e7\u00e3o admitiu o fim da sociedade e afirmou que Joy Feitosa foi o respons\u00e1vel pelo t\u00e9rmino da parceria.<\/p>\n<p style=\"text-align: justify;\">\u201cJoi \u00e9 meu amigo, meu compadre. Ele pediu pra sair, ele n\u00e3o quis mais. Ele disse que n\u00e3o quer mais. E eu aceitei. Ele saiu porque quis, ele pedia pra sair. Ainda marcou o dia que ia sair. A irm\u00e3 o acompanhou. Uma empresa n\u00e3o funciona sem reuni\u00e3o, sem discutir melhorias. E ele n\u00e3o aceitava. Eu achava que isso ia melhorar, mas infelizmente ele n\u00e3o aceitava. N\u00e3o existe nenhuma trai\u00e7\u00e3o. Ele era s\u00f3cio minorit\u00e1rio o que dispensa a necessidade dele participar da renova\u00e7\u00e3o. Ele ficou complicado, se isolou e n\u00e3o queria mais conversar. Infelizmente ele construiu essa situa\u00e7\u00e3o. Eu estou sentido at\u00e9 mais do que ele porque somos amigos-irm\u00e3os. Perdi um grande amigo\u201d, lamenta Sukita.<\/p>\n<p style=\"text-align: justify;\">O empres\u00e1rio tamb\u00e9m acusa o radialista de n\u00e3o atender seus telefonemas e de ignorar reuni\u00f5es. Sukita observa que j\u00e1 chegou a passar meses para conseguir falar com o s\u00f3cio.<\/p>\n<p style=\"text-align: justify;\">\u201cJoi passou nove meses sem me dar um telefonema e sem atender minhas liga\u00e7\u00f5es. Quando eu tinha que falar com ele tinha que vir a emissora conversar com ele no hor\u00e1rio que ele estivesse na emissora\u201d, lembra.<\/p>\n<p style=\"text-align: justify;\">De acordo com Sukita, Joy Feitosa representava um entrave para o Jornalismo da emissora.<\/p>\n<p style=\"text-align: justify;\">\u201cEle n\u00e3o queria e nunca quis jornalismo na emissora. Eu dizia que a emissora tinha que ser completa. O hor\u00e1rio do radialista s\u00e3o quatro horas corridas, Joi queria ficar o dia todo fazendo locu\u00e7\u00e3o na r\u00e1dio\u201d, observa.<\/p>\n<p style=\"text-align: justify;\">Mesmo com o \u201cracha\u201d, Sukita acredita que n\u00e3o haver\u00e1 nenhum problema em continuar usando o nome Megga, criado pelo ex-s\u00f3cio. Segundo o empres\u00e1rio, o nome Megga \u00e9 de dom\u00ednio p\u00fablico e n\u00e3o pertence \u00e0 Joi Feitosa. Ele revela que havia defendido o nome Sukita FM no lugar de Megga.<\/p>\n<p style=\"text-align: justify;\">\u201cO nome Megga n\u00e3o pertenci a ele. Ele apenas sugeriu. Na cria\u00e7\u00e3o eu at\u00e9 relutei, queria colocar meu nome mesmo, Sukita FM, assim como o Sukita Autom\u00f3veis, mas ele n\u00e3o aceitou. Ent\u00e3o, ningu\u00e9m \u00e9 dono de nada. \u00c9 um direito que ele tem de pensar. Mega \u00e9 um dom\u00ednio p\u00fablico, n\u00e3o tem dono\u201d, salienta.<\/p>\n<p style=\"text-align: justify;\">Perguntado se h\u00e1 chance de uma reaproxima\u00e7\u00e3o entre os dois, Sukita n\u00e3o descartou a possibilidade.<\/p>\n<p style=\"text-align: justify;\">\u201cRapaz, s\u00f3 quem me afasta de Joi \u00e9 ele mesmo. Quando ele esfriar a cabe\u00e7a e quando tiver com seus pensamentos alinhados, pode me procurar\u201d, orientou.<\/p>\n<p style=\"text-align: justify;\">A r\u00e1dio, que teve o contrato renovado at\u00e9 2015, ser\u00e1 coordenada por Sukita e sua esposa Silvanir Sukita.<\/p>\n<p style=\"text-align: justify;\"><strong>Nota da Reda\u00e7\u00e3o:<\/strong> O Caju News lamenta a sa\u00edda de Joi Feitosa da emissora e torce para que os dois \u2013 radialista e empres\u00e1rio \u2013 voltem a se entender para o bem da emissora e o fortalecimento da comunica\u00e7\u00e3o.<\/p>\n","protected":false},"excerpt":{"rendered":"<p>por PAULO SOUSA\/CAJU NEWS A amizade e o bom relacionamento profissional entre o radialista Joy Feitosa e o empres\u00e1rio e ex-prefeito de Capela, Manoel Sukita, est\u00e3o comprometidos. \u00c9 que o radialista deixou a dire\u00e7\u00e3o e locu\u00e7\u00e3o da Megga FM, em que apresentava um programa musical, logo ap\u00f3s o \u201cA Hora da Verdade\u201d, comandado pelo jornalista [&hellip;]<\/p>\n","protected":false},"author":1,"featured_media":45488,"comment_status":"closed","ping_status":"closed","sticky":false,"template":"","format":"standard","meta":{"footnotes":""},"categories":[6,1],"tags":[],"class_list":{"0":"post-45487","1":"post","2":"type-post","3":"status-publish","4":"format-standard","5":"has-post-thumbnail","7":"category-politica","8":"category-sem-categoria"},"_links":{"self":[{"href":"https:\/\/senoticias.com.br\/se\/wp-json\/wp\/v2\/posts\/45487"}],"collection":[{"href":"https:\/\/senoticias.com.br\/se\/wp-json\/wp\/v2\/posts"}],"about":[{"href":"https:\/\/senoticias.com.br\/se\/wp-json\/wp\/v2\/types\/post"}],"author":[{"embeddable":true,"href":"https:\/\/senoticias.com.br\/se\/wp-json\/wp\/v2\/users\/1"}],"replies":[{"embeddable":true,"href":"https:\/\/senoticias.com.br\/se\/wp-json\/wp\/v2\/comments?post=45487"}],"version-history":[{"count":0,"href":"https:\/\/senoticias.com.br\/se\/wp-json\/wp\/v2\/posts\/45487\/revisions"}],"wp:featuredmedia":[{"embeddable":true,"href":"https:\/\/senoticias.com.br\/se\/wp-json\/wp\/v2\/media\/45488"}],"wp:attachment":[{"href":"https:\/\/senoticias.com.br\/se\/wp-json\/wp\/v2\/media?parent=45487"}],"wp:term":[{"taxonomy":"category","embeddable":true,"href":"https:\/\/senoticias.com.br\/se\/wp-json\/wp\/v2\/categories?post=45487"},{"taxonomy":"post_tag","embeddable":true,"href":"https:\/\/senoticias.com.br\/se\/wp-json\/wp\/v2\/tags?post=45487"}],"curies":[{"name":"wp","href":"https:\/\/api.w.org\/{rel}","templated":true}]}}