{"id":45482,"date":"2013-03-13T07:51:26","date_gmt":"2013-03-13T10:51:26","guid":{"rendered":"http:\/\/senoticias.com.br\/se\/?p=45482"},"modified":"2013-03-13T09:28:40","modified_gmt":"2013-03-13T12:28:40","slug":"prefeitura-de-aracaju-divulga-programacao-de-shows-do-aniversario-da-cidade","status":"publish","type":"post","link":"https:\/\/senoticias.com.br\/se\/prefeitura-de-aracaju-divulga-programacao-de-shows-do-aniversario-da-cidade\/","title":{"rendered":"Prefeitura de Aracaju divulga programa\u00e7\u00e3o de shows do anivers\u00e1rio da cidade"},"content":{"rendered":"<p>&nbsp;<\/p>\n<div id=\"attachment_43212\" style=\"width: 210px\" class=\"wp-caption alignleft\"><a href=\"http:\/\/senoticias.com.br\/se\/wp-content\/uploads\/2013\/01\/Jo\u00e3o-Alves.jpeg\"><img loading=\"lazy\" decoding=\"async\" aria-describedby=\"caption-attachment-43212\" class=\"size-full wp-image-43212\" title=\"Jo\u00e3o Alves\" src=\"http:\/\/senoticias.com.br\/se\/wp-content\/uploads\/2013\/01\/Jo\u00e3o-Alves.jpeg\" alt=\"\" width=\"200\" height=\"133\" \/><\/a><p id=\"caption-attachment-43212\" class=\"wp-caption-text\">Jo\u00e3o Alves, divulga programa\u00e7\u00e3o de shows do anivers\u00e1rio da cidade.(Foto: Di\u00f3genes Di)<\/p><\/div>\n<p style=\"text-align: justify;\">Nesta ter\u00e7a-feira, 12, o secret\u00e1rio municipal de Cultura, Josenito Vitale (Nitinho), reuniu imprensa e sociedade, no Centro Administrativo de Aracaju para anunciar a programa\u00e7\u00e3o festiva dos 158 anos de emancipa\u00e7\u00e3o pol\u00edtica da capital sergipana.<\/p>\n<p style=\"text-align: justify;\">As festividades ter\u00e3o in\u00edcio na pr\u00f3xima sexta-feira, 15, quando acontece o Show da F\u00e9, evento que j\u00e1 faz parte do calend\u00e1rio cultural de Aracaju, na Pra\u00e7a de Eventos Hilton Lopes, localizada entre os Mercados Centrais, com a participa\u00e7\u00e3o de grandes artistas evang\u00e9licos nacionais.<\/p>\n<p style=\"text-align: justify;\">As comemora\u00e7\u00f5es seguem durante todo o s\u00e1bado, 16, em diversos bairros da cidade, com artistas da terra, al\u00e9m da missa que ser\u00e1 realizada na Colina de Santo Ant\u00f4nio, bairro onde Aracaju nasceu, e o Projeto Vozes da Gente, que vai reunir diversos artistas sergipanos em uma apresenta\u00e7\u00e3o com a Orquestra Sanf\u00f4nica.<\/p>\n<p style=\"text-align: justify;\">J\u00e1 no domingo, 17, data em que se comemora o anivers\u00e1rio de Aracaju, acontece o tradicional Aracaju de Totot\u00f3 e o show de encerramento das festividades, com as bandas Filhos de Jorge, Calcinha Preta, Pedro Henrique &amp; Gabriel e Banda Seeway.<\/p>\n<p style=\"text-align: justify;\">&#8220;A nossa programa\u00e7\u00e3o foi pensada, como sempre, em valorizar o artista da casa, afinal, estamos comemorando o anivers\u00e1rio de nossa querida Aracaju e ningu\u00e9m melhor que nossos artistas para fazerem a festa&#8221;, finalizou o secret\u00e1rio municipal de Cultura, Josenito Vitale.<\/p>\n<p style=\"text-align: justify;\"><strong>Confira programa\u00e7\u00e3o completa:<\/strong><\/p>\n<p style=\"text-align: justify;\">15 de mar\u00e7o<\/p>\n<p style=\"text-align: justify;\"><strong>Show da F\u00e9 &#8211;<\/strong> com 4 artistas nacionais<\/p>\n<p style=\"text-align: justify;\"><strong>Local:<\/strong> Pra\u00e7a de eventos Hilton Lopes &#8211; Mercados Centrais<\/p>\n<p style=\"text-align: justify;\"><strong>In\u00edcio:<\/strong> 18 horas<\/p>\n<p style=\"text-align: justify;\"><strong>Lan\u00e7amento do Projeto 2\u00ba Tempo<\/strong><\/p>\n<p style=\"text-align: justify;\"><strong>Local:<\/strong> Pra\u00e7a da Juventude &#8211; Bairro Augusto Franco<\/p>\n<p style=\"text-align: justify;\"><strong>Atra\u00e7\u00f5es:<\/strong> Pe\u00e7as Teatrais; artistas de circo comemorando o Dia Mundial do Circo<\/p>\n<p style=\"text-align: justify;\"><strong>16 de mar\u00e7o<\/strong><\/p>\n<p style=\"text-align: justify;\">Show de Gospel com Andr\u00e9 Valad\u00e3o e mais 20 bandas sergipanas<\/p>\n<p style=\"text-align: justify;\"><strong>Local:<\/strong> Pra\u00e7a de eventos Hilton Lopes &#8211; Mercados Centrais<\/p>\n<p style=\"text-align: justify;\"><strong>Hor\u00e1rio: 18h<\/strong><\/p>\n<p style=\"text-align: justify;\">Festival de Bateria Nacional &#8211; parceria com a TV Sergipe<\/p>\n<p style=\"text-align: justify;\"><strong>Hor\u00e1rio: 17h<\/strong><\/p>\n<p style=\"text-align: justify;\"><strong>Atra\u00e7\u00f5es:<\/strong> Renato e Seus Blues Caps; Banda \u00c1gua Viva<\/p>\n<p style=\"text-align: justify;\"><strong>Local:<\/strong> Passarela Caranguejo<\/p>\n<p style=\"text-align: justify;\"><strong>Espet\u00e1culo Teatral<\/strong><\/p>\n<p style=\"text-align: justify;\"><strong>Pe\u00e7a:<\/strong> &#8220;O amor de Felipe e Maria e a peleja de Zeramo e Lampi\u00e3o&#8221;<\/p>\n<p style=\"text-align: justify;\"><strong>Local:<\/strong> Mercado Albano Franco<\/p>\n<p style=\"text-align: justify;\"><strong>Hor\u00e1rio:<\/strong> 12h<\/p>\n<p style=\"text-align: justify;\"><strong>Festa do Padroeiro<\/strong><\/p>\n<p style=\"text-align: justify;\"><strong>Local:<\/strong> Povoado S\u00e3o Jos\u00e9 &#8211; Robalo ( Zona de Expans\u00e3o)<\/p>\n<p style=\"text-align: justify;\"><strong>Atra\u00e7\u00f5es:<\/strong> Jr. Ventura; Beto &amp; Sare<\/p>\n<p style=\"text-align: justify;\"><strong>Hor\u00e1rio: 22h<\/strong><\/p>\n<p style=\"text-align: justify;\"><strong>Projeto:<\/strong> Vozes da Gente<\/p>\n<p style=\"text-align: justify;\"><strong>Local: Bairro Santo Ant\u00f4nio<\/strong><\/p>\n<p style=\"text-align: justify;\"><strong>20h30-<\/strong> Show Orquestra Sanf\u00f4nica de Aracaju- Participa\u00e7\u00e3o Especial dos forrozeiros Erivaldo de Carira, Jo\u00e3o da Passarada, Joseane de Josa, Luiz Paulo, Rog\u00e9rio, Sergival, Valtinho do Acordeon e Virginia Fontes.<\/p>\n<p style=\"text-align: justify;\">22h- Show &#8221; Mosaico de sons&#8221; com Aur\u00e9lio Freitas, Cataluzes, Chiko Queiroga &amp; Ant\u00f4nio Rog\u00e9rio, Fernando Crate\u00fas, Gladston Rosa, Jo\u00e3o Ventura, Jo\u00e9sia Ramos, Lina Sousa, Luiz Fontenelle, Lula Ribeiro, Paulo Lobo e Tonho baixinho. (Participa\u00e7\u00e3o da Grande bateria do Ax\u00e9 Quizomba)<\/p>\n<p><strong>17 de mar\u00e7o<\/strong><\/p>\n<p>Aracaju Totot\u00f3<\/p>\n<p>Local: Bairro In\u00e1cio Barbosa<\/p>\n<p>Atra\u00e7\u00f5es: Paulinha Abelha &amp; Marlus; Erivaldo de Carira; Jo\u00e3o da Passarada<\/p>\n<p>9\u00b0 Arrast\u00e3o do Caranga<\/p>\n<p>Local: Povoado S\u00e3o Jos\u00e9 &#8211; Robalo ( Zona de Expans\u00e3o)<\/p>\n<p>Atra\u00e7\u00f5es: Jr. Ventura; Beto &amp; Sare<\/p>\n<p>Hor\u00e1rio: 22h<\/p>\n<p>Shows de Encerramento<\/p>\n<p>Local: Pra\u00e7a de Eventos Hilton Lopes<\/p>\n<p>Atra\u00e7\u00f5es: Filhos de Jorge; Calcinha Preta; Banda Seway; Pedro Henrique &amp; Gabriel<\/p>\n<p>Hor\u00e1rio: 19h<\/p>\n<p><strong>Ag\u00eancia Aracaju de Not\u00edcias<\/strong><\/p>\n","protected":false},"excerpt":{"rendered":"<p>&nbsp; Nesta ter\u00e7a-feira, 12, o secret\u00e1rio municipal de Cultura, Josenito Vitale (Nitinho), reuniu imprensa e sociedade, no Centro Administrativo de Aracaju para anunciar a programa\u00e7\u00e3o festiva dos 158 anos de emancipa\u00e7\u00e3o pol\u00edtica da capital sergipana. As festividades ter\u00e3o in\u00edcio na pr\u00f3xima sexta-feira, 15, quando acontece o Show da F\u00e9, evento que j\u00e1 faz parte do [&hellip;]<\/p>\n","protected":false},"author":1,"featured_media":43212,"comment_status":"closed","ping_status":"closed","sticky":false,"template":"","format":"standard","meta":{"footnotes":""},"categories":[15,1],"tags":[],"class_list":{"0":"post-45482","1":"post","2":"type-post","3":"status-publish","4":"format-standard","5":"has-post-thumbnail","7":"category-destaques","8":"category-sem-categoria"},"_links":{"self":[{"href":"https:\/\/senoticias.com.br\/se\/wp-json\/wp\/v2\/posts\/45482"}],"collection":[{"href":"https:\/\/senoticias.com.br\/se\/wp-json\/wp\/v2\/posts"}],"about":[{"href":"https:\/\/senoticias.com.br\/se\/wp-json\/wp\/v2\/types\/post"}],"author":[{"embeddable":true,"href":"https:\/\/senoticias.com.br\/se\/wp-json\/wp\/v2\/users\/1"}],"replies":[{"embeddable":true,"href":"https:\/\/senoticias.com.br\/se\/wp-json\/wp\/v2\/comments?post=45482"}],"version-history":[{"count":0,"href":"https:\/\/senoticias.com.br\/se\/wp-json\/wp\/v2\/posts\/45482\/revisions"}],"wp:featuredmedia":[{"embeddable":true,"href":"https:\/\/senoticias.com.br\/se\/wp-json\/wp\/v2\/media\/43212"}],"wp:attachment":[{"href":"https:\/\/senoticias.com.br\/se\/wp-json\/wp\/v2\/media?parent=45482"}],"wp:term":[{"taxonomy":"category","embeddable":true,"href":"https:\/\/senoticias.com.br\/se\/wp-json\/wp\/v2\/categories?post=45482"},{"taxonomy":"post_tag","embeddable":true,"href":"https:\/\/senoticias.com.br\/se\/wp-json\/wp\/v2\/tags?post=45482"}],"curies":[{"name":"wp","href":"https:\/\/api.w.org\/{rel}","templated":true}]}}