{"id":45146,"date":"2013-03-05T07:38:34","date_gmt":"2013-03-05T10:38:34","guid":{"rendered":"http:\/\/senoticias.com.br\/se\/?p=45146"},"modified":"2013-03-05T07:38:34","modified_gmt":"2013-03-05T10:38:34","slug":"quinze-municipios-ja-reajustaram-o-piso-salarial-para-r1567","status":"publish","type":"post","link":"https:\/\/senoticias.com.br\/se\/quinze-municipios-ja-reajustaram-o-piso-salarial-para-r1567\/","title":{"rendered":"Quinze munic\u00edpios j\u00e1 reajustaram o piso salarial para R$1567"},"content":{"rendered":"<p>&nbsp;<\/p>\n<p style=\"text-align: justify;\"><a href=\"http:\/\/senoticias.com.br\/se\/wp-content\/uploads\/2013\/03\/cartaz-piso-e-lei.jpg\"><img loading=\"lazy\" decoding=\"async\" class=\"alignleft size-medium wp-image-45147\" title=\"cartaz-piso-e-lei\" src=\"http:\/\/senoticias.com.br\/se\/wp-content\/uploads\/2013\/03\/cartaz-piso-e-lei-300x281.jpg\" alt=\"\" width=\"300\" height=\"281\" srcset=\"https:\/\/senoticias.com.br\/se\/wp-content\/uploads\/2013\/03\/cartaz-piso-e-lei-300x281.jpg 300w, https:\/\/senoticias.com.br\/se\/wp-content\/uploads\/2013\/03\/cartaz-piso-e-lei-342x321.jpg 342w, https:\/\/senoticias.com.br\/se\/wp-content\/uploads\/2013\/03\/cartaz-piso-e-lei.jpg 862w\" sizes=\"(max-width: 300px) 100vw, 300px\" \/><\/a>O magist\u00e9rio de quinze munic\u00edpios j\u00e1 conta com o reajuste do piso salarial em 2013 que \u00e9 de R$1567 para uma jornada m\u00e1xima de 40 horas semanais e forma\u00e7\u00e3o m\u00ednima de N\u00edvel M\u00e9dio na modalidade normal. E em todos os casos a carreira e as vantagens pecuni\u00e1rias foram preservadas.<\/p>\n<p style=\"text-align: justify;\">Desde o an\u00fancio do novo valor do piso salarial que o SINTESE tem buscado o processo de negocia\u00e7\u00e3o com as administra\u00e7\u00f5es municipais para que a lei 11.738\/2008 que institui o piso salarial seja cumprida.<\/p>\n<p style=\"text-align: justify;\">J\u00e1 pagam o novo reajuste do piso salarial os munic\u00edpios de: Canind\u00e9 do S\u00e3o Francisco, Monte Alegre, Nossa Senhora Aparecida, Po\u00e7o Redondo, Porto da Folha, Amparo do S\u00e3o Francisco, Telha, S\u00e3o Francisco, Ne\u00f3polis, Po\u00e7o Verde, Santa Lucia do Itanhi, Capela, Carm\u00f3polis, Ros\u00e1rio do Catete e Santo Amaro das Brotas.<\/p>\n<p style=\"text-align: justify;\"><strong>Piso \u00e9 no vencimento inicial<\/strong><\/p>\n<p style=\"text-align: justify;\">A decis\u00e3o do Supremo Tribunal Federal publicada na semana passada s\u00f3 corrobora com que o SINTESE vem apresentando desde a san\u00e7\u00e3o da lei do piso em 2008. A lei do piso previa um prazo para adequa\u00e7\u00e3o dos planos de carreira que terminou em 2010. Desde ent\u00e3o o SINTESE tem apresentado que o reajuste do piso deve ser autom\u00e1tico nos vencimentos iniciais dos professores respeitando os planos de carreira.<\/p>\n<p><span style=\"color: #333333;\"><strong>Caroline Santos\/ Assessoria de Comunica\u00e7\u00e3o<\/strong><\/span><\/p>\n","protected":false},"excerpt":{"rendered":"<p>&nbsp; O magist\u00e9rio de quinze munic\u00edpios j\u00e1 conta com o reajuste do piso salarial em 2013 que \u00e9 de R$1567 para uma jornada m\u00e1xima de 40 horas semanais e forma\u00e7\u00e3o m\u00ednima de N\u00edvel M\u00e9dio na modalidade normal. E em todos os casos a carreira e as vantagens pecuni\u00e1rias foram preservadas. Desde o an\u00fancio do novo [&hellip;]<\/p>\n","protected":false},"author":1,"featured_media":45147,"comment_status":"closed","ping_status":"closed","sticky":false,"template":"","format":"standard","meta":{"footnotes":""},"categories":[44,26],"tags":[],"class_list":{"0":"post-45146","1":"post","2":"type-post","3":"status-publish","4":"format-standard","5":"has-post-thumbnail","7":"category-educacao","8":"category-esportes"},"_links":{"self":[{"href":"https:\/\/senoticias.com.br\/se\/wp-json\/wp\/v2\/posts\/45146"}],"collection":[{"href":"https:\/\/senoticias.com.br\/se\/wp-json\/wp\/v2\/posts"}],"about":[{"href":"https:\/\/senoticias.com.br\/se\/wp-json\/wp\/v2\/types\/post"}],"author":[{"embeddable":true,"href":"https:\/\/senoticias.com.br\/se\/wp-json\/wp\/v2\/users\/1"}],"replies":[{"embeddable":true,"href":"https:\/\/senoticias.com.br\/se\/wp-json\/wp\/v2\/comments?post=45146"}],"version-history":[{"count":0,"href":"https:\/\/senoticias.com.br\/se\/wp-json\/wp\/v2\/posts\/45146\/revisions"}],"wp:featuredmedia":[{"embeddable":true,"href":"https:\/\/senoticias.com.br\/se\/wp-json\/wp\/v2\/media\/45147"}],"wp:attachment":[{"href":"https:\/\/senoticias.com.br\/se\/wp-json\/wp\/v2\/media?parent=45146"}],"wp:term":[{"taxonomy":"category","embeddable":true,"href":"https:\/\/senoticias.com.br\/se\/wp-json\/wp\/v2\/categories?post=45146"},{"taxonomy":"post_tag","embeddable":true,"href":"https:\/\/senoticias.com.br\/se\/wp-json\/wp\/v2\/tags?post=45146"}],"curies":[{"name":"wp","href":"https:\/\/api.w.org\/{rel}","templated":true}]}}