{"id":45142,"date":"2013-03-05T06:48:56","date_gmt":"2013-03-05T09:48:56","guid":{"rendered":"http:\/\/senoticias.com.br\/se\/?p=45142"},"modified":"2013-03-06T07:35:35","modified_gmt":"2013-03-06T10:35:35","slug":"prefeita-gracinha-participa-de-seminario-sobre-controle-e-administracao-publica","status":"publish","type":"post","link":"https:\/\/senoticias.com.br\/se\/prefeita-gracinha-participa-de-seminario-sobre-controle-e-administracao-publica\/","title":{"rendered":"Prefeita Gracinha participa de semin\u00e1rio sobre controle e administra\u00e7\u00e3o p\u00fablica"},"content":{"rendered":"<div id=\"attachment_45143\" style=\"width: 310px\" class=\"wp-caption alignleft\"><a href=\"http:\/\/senoticias.com.br\/se\/wp-content\/uploads\/2013\/03\/gracinha.jpg\"><img loading=\"lazy\" decoding=\"async\" aria-describedby=\"caption-attachment-45143\" class=\"size-medium wp-image-45143\" title=\"  secret\u00e1ria de Finan\u00e7as, Erivalda Farias, prefeita Gracinha e Marize da Mata presidente da C\u00e2mara.(Foto: Ascom)\" src=\"http:\/\/senoticias.com.br\/se\/wp-content\/uploads\/2013\/03\/gracinha-300x199.jpg\" alt=\"\" width=\"300\" height=\"199\" srcset=\"https:\/\/senoticias.com.br\/se\/wp-content\/uploads\/2013\/03\/gracinha-300x199.jpg 300w, https:\/\/senoticias.com.br\/se\/wp-content\/uploads\/2013\/03\/gracinha-342x227.jpg 342w, https:\/\/senoticias.com.br\/se\/wp-content\/uploads\/2013\/03\/gracinha.jpg 572w\" sizes=\"(max-width: 300px) 100vw, 300px\" \/><\/a><p id=\"caption-attachment-45143\" class=\"wp-caption-text\">Secret\u00e1ria de Finan\u00e7as (Erivalda Farias), Prefeita Gracinha e Marize da Mata Presidente da C\u00e2mara.(Foto: Ascom)<\/p><\/div>\n<p style=\"text-align: justify;\">Prefeitos, presidentes de C\u00e2maras Municipais, secret\u00e1rios, procuradores e assessores municipais participaram nesta segunda-feira (04), no Tribunal de Contas do Estado (TCE), do semin\u00e1rio \u201cControle de Gest\u00e3o da Administra\u00e7\u00e3o P\u00fablica\u201d, promovido pelo Tribunal de Contas.<\/p>\n<p style=\"text-align: justify;\">Para a prefeita Maria das Gra\u00e7as (Gracinha &#8211; PSDB), o semin\u00e1rio ajuda os gestores e seus auxiliares a terem maior controle e fiscaliza\u00e7\u00e3o do dinheiro p\u00fablico, por exemplo.<\/p>\n<p style=\"text-align: justify;\">\u201cO evento possibilita aperfei\u00e7oar a gest\u00e3o p\u00fablica municipal dando subs\u00eddios para que n\u00f3s gestores p\u00fablicos tenhamos informa\u00e7\u00f5es acerca de como conduzir a m\u00e1quina p\u00fablica com o maior cuidado poss\u00edvel. Muitas vezes o gestor acaba pecando por falta de conhecimento e at\u00e9 mesmo de informa\u00e7\u00e3o, mas essa iniciativa do TCE nos ajuda a tirar d\u00favidas e conhecer melhor a gest\u00e3o municipal. Espero participar de outros eventos importantes como este\u201d, destacou Gracinha.<\/p>\n<p style=\"text-align: justify;\">A secret\u00e1ria municipal de Finan\u00e7as, Erivalda Santana Farias, tamb\u00e9m destacou a import\u00e2ncia do semin\u00e1rio como fonte de informa\u00e7\u00e3o e de aprendizado.<\/p>\n<p style=\"text-align: justify;\">\u201cEsse \u00e9 um evento que nos ajuda ainda mais a entender a complexidade de uma gest\u00e3o p\u00fablica, principalmente da \u00e1rea financeira. A todo instante temos mudan\u00e7as na legisla\u00e7\u00e3o e esse semin\u00e1rio acaba nos atualizando, inclusive. Participar de um evento desta magnitude \u00e9 importante por que a gente pode conhecer mais sobre temas relevantes para \u00e0 administra\u00e7\u00e3o p\u00fablica, como a Lei de Responsabilidade. Vamos colocar em pr\u00e1tica todos os ensinamentos aqui nos dados\u201d, observou a secret\u00e1ria.<\/p>\n<p style=\"text-align: justify;\">A primeira palestra foi ministrada por M\u00e1rcio Kelles, do TCE-MG, que abordou as principais obriga\u00e7\u00f5es dos gestores p\u00fablicos municipais. Em seguida, o procurador do Minist\u00e9rio P\u00fablico junto ao Tribunal de Contas do Estado de Sergipe (MPJTCE-SE), Jo\u00e3o Augusto dos Anjos Bandeira de Mello, esclareceu a Lei de Acesso \u00e0 Informa\u00e7\u00e3o. No encerrando do semin\u00e1rio, o procurador Daniel de Saboia Xavier e o auditor fiscal Jo\u00e3o Bosco de Queiroz falaram sobre Regularidade com as contribui\u00e7\u00f5es previdenci\u00e1rias e parcelamento especial da MP n\u00ba 589\/2012.<\/p>\n<p style=\"text-align: justify;\">Os secret\u00e1rios Thiago Luduvice (Governo), Antonio Pedro (Controle Interno) e Bruno Rocha (Procurador), tamb\u00e9m participaram do semin\u00e1rio \u201cControle de Gest\u00e3o da Administra\u00e7\u00e3o P\u00fablica\u201d, promovido pelo Tribunal de Contas.<\/p>\n<p style=\"text-align: justify;\"><em><strong>Da Ascom\/Itaporanga<\/strong><\/em><\/p>\n","protected":false},"excerpt":{"rendered":"<p>Prefeitos, presidentes de C\u00e2maras Municipais, secret\u00e1rios, procuradores e assessores municipais participaram nesta segunda-feira (04), no Tribunal de Contas do Estado (TCE), do semin\u00e1rio \u201cControle de Gest\u00e3o da Administra\u00e7\u00e3o P\u00fablica\u201d, promovido pelo Tribunal de Contas. Para a prefeita Maria das Gra\u00e7as (Gracinha &#8211; PSDB), o semin\u00e1rio ajuda os gestores e seus auxiliares a terem maior controle [&hellip;]<\/p>\n","protected":false},"author":1,"featured_media":45143,"comment_status":"closed","ping_status":"closed","sticky":false,"template":"","format":"standard","meta":{"footnotes":""},"categories":[6],"tags":[],"class_list":{"0":"post-45142","1":"post","2":"type-post","3":"status-publish","4":"format-standard","5":"has-post-thumbnail","7":"category-politica"},"_links":{"self":[{"href":"https:\/\/senoticias.com.br\/se\/wp-json\/wp\/v2\/posts\/45142"}],"collection":[{"href":"https:\/\/senoticias.com.br\/se\/wp-json\/wp\/v2\/posts"}],"about":[{"href":"https:\/\/senoticias.com.br\/se\/wp-json\/wp\/v2\/types\/post"}],"author":[{"embeddable":true,"href":"https:\/\/senoticias.com.br\/se\/wp-json\/wp\/v2\/users\/1"}],"replies":[{"embeddable":true,"href":"https:\/\/senoticias.com.br\/se\/wp-json\/wp\/v2\/comments?post=45142"}],"version-history":[{"count":0,"href":"https:\/\/senoticias.com.br\/se\/wp-json\/wp\/v2\/posts\/45142\/revisions"}],"wp:featuredmedia":[{"embeddable":true,"href":"https:\/\/senoticias.com.br\/se\/wp-json\/wp\/v2\/media\/45143"}],"wp:attachment":[{"href":"https:\/\/senoticias.com.br\/se\/wp-json\/wp\/v2\/media?parent=45142"}],"wp:term":[{"taxonomy":"category","embeddable":true,"href":"https:\/\/senoticias.com.br\/se\/wp-json\/wp\/v2\/categories?post=45142"},{"taxonomy":"post_tag","embeddable":true,"href":"https:\/\/senoticias.com.br\/se\/wp-json\/wp\/v2\/tags?post=45142"}],"curies":[{"name":"wp","href":"https:\/\/api.w.org\/{rel}","templated":true}]}}