{"id":44996,"date":"2013-02-28T23:26:26","date_gmt":"2013-03-01T02:26:26","guid":{"rendered":"http:\/\/senoticias.com.br\/se\/?p=44996"},"modified":"2013-03-01T06:15:02","modified_gmt":"2013-03-01T09:15:02","slug":"jackson-barreto-assina-ordem-de-servico-para-recuperacao-de-cobertura-do-aeroporto-de-aracaju","status":"publish","type":"post","link":"https:\/\/senoticias.com.br\/se\/jackson-barreto-assina-ordem-de-servico-para-recuperacao-de-cobertura-do-aeroporto-de-aracaju\/","title":{"rendered":"Jackson Barreto assina ordem de servi\u00e7o para recupera\u00e7\u00e3o de cobertura do aeroporto de Aracaju"},"content":{"rendered":"<p>&nbsp;<\/p>\n<div id=\"attachment_44998\" style=\"width: 310px\" class=\"wp-caption alignleft\"><a href=\"http:\/\/senoticias.com.br\/se\/wp-content\/uploads\/2013\/02\/OrdemdeservicoparareformanoAeroportoFotoMarcelleCristinne2.jpg\"><img loading=\"lazy\" decoding=\"async\" aria-describedby=\"caption-attachment-44998\" class=\"size-medium wp-image-44998\" title=\"\" src=\"http:\/\/senoticias.com.br\/se\/wp-content\/uploads\/2013\/02\/OrdemdeservicoparareformanoAeroportoFotoMarcelleCristinne2-300x225.jpg\" alt=\"\" width=\"300\" height=\"225\" srcset=\"https:\/\/senoticias.com.br\/se\/wp-content\/uploads\/2013\/02\/OrdemdeservicoparareformanoAeroportoFotoMarcelleCristinne2-300x225.jpg 300w, https:\/\/senoticias.com.br\/se\/wp-content\/uploads\/2013\/02\/OrdemdeservicoparareformanoAeroportoFotoMarcelleCristinne2-342x257.jpg 342w, https:\/\/senoticias.com.br\/se\/wp-content\/uploads\/2013\/02\/OrdemdeservicoparareformanoAeroportoFotoMarcelleCristinne2-60x45.jpg 60w, https:\/\/senoticias.com.br\/se\/wp-content\/uploads\/2013\/02\/OrdemdeservicoparareformanoAeroportoFotoMarcelleCristinne2-150x113.jpg 150w, https:\/\/senoticias.com.br\/se\/wp-content\/uploads\/2013\/02\/OrdemdeservicoparareformanoAeroportoFotoMarcelleCristinne2-269x201.jpg 269w, https:\/\/senoticias.com.br\/se\/wp-content\/uploads\/2013\/02\/OrdemdeservicoparareformanoAeroportoFotoMarcelleCristinne2.jpg 400w\" sizes=\"(max-width: 300px) 100vw, 300px\" \/><\/a><p id=\"caption-attachment-44998\" class=\"wp-caption-text\">Acompanhado do representante da Infraero, Jos\u00e9 Cassiano Ferreira, e de secret\u00e1rios de Estado, Jackson destacou que as melhorias na cobertura do terminal s\u00e3o servi\u00e7os \u00e0 parte da reforma e amplia\u00e7\u00e3o do aeroporto.(Foto: Marcelle Cristinne\/ASN)<\/p><\/div>\n<p style=\"text-align: justify;\">Acompanhado do representante da Infraero, Jos\u00e9 Cassiano Ferreira, e de secret\u00e1rios e Estado, Jackson destacou que as melhorias na cobertura do terminal s\u00e3o servi\u00e7os \u00e0 parte da reforma e amplia\u00e7\u00e3o do aeroporto<\/p>\n<p style=\"text-align: justify;\">O Aeroporto Santa Maria, em Aracaju, come\u00e7a a receber as primeiras interven\u00e7\u00f5es na recupera\u00e7\u00e3o de sua estrutura. Na tarde desta quinta-feira, 28, o vice-governador, Jackson Barreto, representando o governador Marcelo D\u00e9da, assinou ordem de servi\u00e7o para reforma dos sistemas de cobertura dos terminais de passageiros (TPS). Or\u00e7ada em mais de R$ 5 milh\u00f5es, com verba da Empresa Brasileira de Infraestrutura Aeroportu\u00e1ria (Infraero), a obra ficar\u00e1 pronta em 270 dias.<\/p>\n<p style=\"text-align: justify;\">O servi\u00e7o inclui desmontagem do telhado e reposi\u00e7\u00e3o de telhas, instala\u00e7\u00e3o de novas calhas, melhorias da infraestrutura de sustenta\u00e7\u00e3o e refor\u00e7o de toda cobertura, numa \u00e1rea de aproximadamente 12.306 m\u00b2.<br \/>\nAcompanhado do representante da Infraero, Jos\u00e9 Cassiano Ferreira, e dos secret\u00e1rios de Estado de Infraestrutura, Valmor Barbosa, e de Turismo, Elber Batalha, Jackson destacou que as melhorias na cobertura do terminal s\u00e3o ervi\u00e7os \u00e0 parte da reforma e amplia\u00e7\u00e3o do aeroporto viabilizada pelo governador Marcelo D\u00e9da.<\/p>\n<p style=\"text-align: justify;\">\u201cTemos trabalhado para o turismo e essa assinatura \u00e9 fundamental para o fortalecimento desse turismo. Estamos tamb\u00e9m discutindo a constru\u00e7\u00e3o do nosso aeroporto, ou seja, estamos tornando cada vez mais do setor tur\u00edstico uma ferramenta fundamental da economia e da gera\u00e7\u00e3o de emprego e renda. Se temos investimentos na recupera\u00e7\u00e3o e amplia\u00e7\u00e3o do aeroporto, se temos projetos para a implanta\u00e7\u00e3o de um aeroporto em Canind\u00e9 de S\u00e3o Francisco e se estamos finalizando os recursos para a constru\u00e7\u00e3o da rodovia que liga Santa Luzia \u00e0 praia do Castro, \u00e9 porque existe uma diversifica\u00e7\u00e3o nas a\u00e7\u00f5es do turismo sergipano\u201d, declarou.<\/p>\n<p style=\"text-align: justify;\">Jackson informou, ainda, que o edital de licita\u00e7\u00e3o para a amplia\u00e7\u00e3o do p\u00e1tio de aeronaves ser\u00e1 lan\u00e7ado em mar\u00e7o, quando o presidente da Infraero, Gustavo do Vale, vir\u00e1 a Aracaju para assinar contratos e detalhar\u00e1 o cronograma de execu\u00e7\u00e3o da obra. Com a amplia\u00e7\u00e3o, o p\u00e1tio ter\u00e1 capacidade de atender noves aeronaves, contra as cinco vagas atuais. A previs\u00e3o \u00e9 que as obras ocorram j\u00e1 a partir de maio, com previs\u00e3o de conclus\u00e3o em mar\u00e7o de 2014.<\/p>\n<p style=\"text-align: justify;\">\u201cEssa obra \u00e9 o inicio das grandes obras no complexo aeroportu\u00e1rio de Sergipe. A reforma da cobertura ir\u00e1 beneficiar o atual de passageiros e de cargas. Estamos lan\u00e7ando tamb\u00e9m a licita\u00e7\u00e3o de amplia\u00e7\u00e3o do p\u00e1tio para aeronaves de grande porte em mais duas posi\u00e7\u00f5es e para aeronave executiva em mais duas posi\u00e7\u00f5es\u201d, anunciou o representante da Infraero, Jos\u00e9 Cassiano.<\/p>\n<p style=\"text-align: justify;\"><strong>Amplia\u00e7\u00e3o do Aeroporto<\/strong><\/p>\n<p style=\"text-align: justify;\">A reforma e a amplia\u00e7\u00e3o do terminal aeroportu\u00e1rio de Aracaju retratam o compromisso do governo do Estado com o desenvolvimento do turismo em Sergipe. Gra\u00e7as ao empenho do governador Marcelo D\u00e9da, a reforma est\u00e1 cada vez mais pr\u00f3xima de seu in\u00edcio. No \u00faltimo dia 20, D\u00e9da reuniu-se com o presidente da Infraero, Gustavo do Vale. Na oportunidade, Gustavo confirmou que as obras definidas s\u00e3o consideradas priorit\u00e1rias pela presidenta Dilma Rousseff.<\/p>\n<p style=\"text-align: justify;\">A moderniza\u00e7\u00e3o do Santa Maria tem base em prioridades estaduais e regionais. Al\u00e9m de atender ao aumento da demanda tur\u00edstica e empresarial, o novo terminal se enquadra nas necessidades que advir\u00e3o com a Copa do Mundo de 2014, o que sustenta a disponibilidade or\u00e7ament\u00e1ria e financeira do empreendimento.<\/p>\n<p style=\"text-align: justify;\">Os cerca de R$ 400 milh\u00f5es que ser\u00e3o investidos \u2013 sendo R$ 90 milh\u00f5es dos cofres estaduais \u2013 dotar\u00e3o o Aeroporto de condi\u00e7\u00f5es plenas de opera\u00e7\u00e3o permitindo que ele cumpra papel estrat\u00e9gico na log\u00edstica da Copa do Mundo, tornando-se terminal alternativo ao de Salvador. Essa condi\u00e7\u00e3o permitiu que as contrata\u00e7\u00f5es de obras sejam realizadas pelo sistema de RDC (Regime Diferenciado de Contrata\u00e7\u00e3o), mais \u00e1gil que a lei 8.666, que rege a maior parte das licita\u00e7\u00f5es p\u00fablicas, e que permite aos aeroportos que est\u00e3o num raio de proximidade das sedes da Copa do Mundo adotem um sistema mais acelerado de contrata\u00e7\u00f5es.<\/p>\n<p style=\"text-align: justify;\">As interven\u00e7\u00f5es estruturais abrangem a constru\u00e7\u00e3o de um novo anel vi\u00e1rio no entorno do aeroporto, o desmonte do que restou no Morro do Avi\u00e3o e a elabora\u00e7\u00e3o dos projetos da pista e da esta\u00e7\u00e3o de passageiros, al\u00e9m dos estudos de impactos ambientais. Al\u00e9m de dar suporte ao crescimento do turismo no estado, as melhorias no aeroporto ter\u00e3o impacto no sistema vi\u00e1rio da zona de expans\u00e3o, j\u00e1 que facilitar\u00e3o a integra\u00e7\u00e3o dos bairros Atalaia, Aeroporto, Farol\u00e2ndia e Santa Maria.<\/p>\n<p style=\"text-align: justify;\"><strong>Turismo<\/strong><\/p>\n<p style=\"text-align: justify;\">A combina\u00e7\u00e3o de investimentos do governo em infraestrutura, incentivos a empreendimentos privados, belezas naturais e cidades hist\u00f3ricas resulta em um crescente turismo em Sergipe. O n\u00famero de voos e de pessoas que circulam anualmente pelo aeroporto Santa Maria, em Aracaju, atestam que o estado firmou-se como um competitivo destino tur\u00edstico do Nordeste. Conforme dados da Infraero, o aeroporto de Sergipe registrou o maior fluxo de passageiro da regi\u00e3o entre 2010 e 2011, com um crescimento de 16,24%.<\/p>\n<p style=\"text-align: justify;\">Em 2012, estabeleceu-se uma nova marca, com o tr\u00e2nsito de 1.373.401 passageiros. Um crescimento de 25,64% em rela\u00e7\u00e3o ao ano anterior e o maior crescimento na movimenta\u00e7\u00e3o de passageiros dentre as capitais nordestinas.<\/p>\n<p style=\"text-align: justify;\">O fluxo tur\u00edstico na rede hoteleira sergipana tamb\u00e9m registrou \u00edndices positivos; em 2012, os hot\u00e9is somaram 962.705 visitantes, contra 848.560 em 2001. Um acr\u00e9scimo de aproximadamente 13,45%.<\/p>\n<p style=\"text-align: justify;\">\u201cEste \u00e9 um momento importante para o desenvolvimento do turismo em nosso estado. Esse desenvolvimento pode ser visualizado nos n\u00fameros de nosso fluxo a\u00e9reo nos \u00faltimos anos. Em 2007, t\u00ednhamos 18 movimenta\u00e7\u00f5es a\u00e9reas. Hoje, temos 52 movimenta\u00e7\u00f5es a\u00e9reas por dia, o que significa que temos 26 voos di\u00e1rios no aeroporto Santa Maria. O turismo foi o segundo setor em gera\u00e7\u00e3o de emprego na economia sergipana. A obra assinada hoje trar\u00e1 mais conforto para funcion\u00e1rios e passageiros\u201d, disse o secret\u00e1rio de Estado de Turismo, Elber Batalha.<\/p>\n<p style=\"text-align: justify;\"><strong>Prodetur<\/strong><\/p>\n<p style=\"text-align: justify;\">O Programa de Desenvolvimento do Turismo no Nordeste (Prodetur) tamb\u00e9m integra o leque de investimentos estaduais na expans\u00e3o do turismo em Sergipe. Financiado com recursos do BID e executado pelo Banco do Nordeste, o programa de cr\u00e9dito foi concebido para criar condi\u00e7\u00f5es favor\u00e1veis \u00e0 expans\u00e3o e melhoria da qualidade da atividade tur\u00edstica na Regi\u00e3o Nordeste e para melhorar a qualidade de vida das popula\u00e7\u00f5es residentes nas \u00e1reas beneficiadas.<\/p>\n<p style=\"text-align: justify;\">Atrav\u00e9s da Secretaria de Estado de Turismo, Sergipe receber\u00e1 o montante de US$ 100 milh\u00f5es, sendo US$ 60 milh\u00f5es do BID e US$ 40 milh\u00f5es de contrapartida do Minist\u00e9rio do Turismo para investimentos em turismo e capacita\u00e7\u00e3o profissional na \u00e1rea. O or\u00e7amento inclui investimentos como atracadores em Brejo Grande, na orla de Canind\u00e9 de S\u00e3o Francisco, a constru\u00e7\u00e3o da rodovia ligando Bom Sucesso \u00e0 Rota do sert\u00e3o e interven\u00e7\u00f5es de fortalecimento de infraestrutura tur\u00edstica.<\/p>\n<p style=\"text-align: justify;\"><em><strong>Secretaria de Estado da Comunica\u00e7\u00e3o Social<\/strong><\/em><br \/>\n<em><strong> Governo de Sergipe<\/strong><\/em><\/p>\n","protected":false},"excerpt":{"rendered":"<p>&nbsp; Acompanhado do representante da Infraero, Jos\u00e9 Cassiano Ferreira, e de secret\u00e1rios e Estado, Jackson destacou que as melhorias na cobertura do terminal s\u00e3o servi\u00e7os \u00e0 parte da reforma e amplia\u00e7\u00e3o do aeroporto O Aeroporto Santa Maria, em Aracaju, come\u00e7a a receber as primeiras interven\u00e7\u00f5es na recupera\u00e7\u00e3o de sua estrutura. Na tarde desta quinta-feira, 28, [&hellip;]<\/p>\n","protected":false},"author":1,"featured_media":44998,"comment_status":"closed","ping_status":"closed","sticky":false,"template":"","format":"standard","meta":{"footnotes":""},"categories":[6,1],"tags":[],"class_list":{"0":"post-44996","1":"post","2":"type-post","3":"status-publish","4":"format-standard","5":"has-post-thumbnail","7":"category-politica","8":"category-sem-categoria"},"_links":{"self":[{"href":"https:\/\/senoticias.com.br\/se\/wp-json\/wp\/v2\/posts\/44996"}],"collection":[{"href":"https:\/\/senoticias.com.br\/se\/wp-json\/wp\/v2\/posts"}],"about":[{"href":"https:\/\/senoticias.com.br\/se\/wp-json\/wp\/v2\/types\/post"}],"author":[{"embeddable":true,"href":"https:\/\/senoticias.com.br\/se\/wp-json\/wp\/v2\/users\/1"}],"replies":[{"embeddable":true,"href":"https:\/\/senoticias.com.br\/se\/wp-json\/wp\/v2\/comments?post=44996"}],"version-history":[{"count":0,"href":"https:\/\/senoticias.com.br\/se\/wp-json\/wp\/v2\/posts\/44996\/revisions"}],"wp:featuredmedia":[{"embeddable":true,"href":"https:\/\/senoticias.com.br\/se\/wp-json\/wp\/v2\/media\/44998"}],"wp:attachment":[{"href":"https:\/\/senoticias.com.br\/se\/wp-json\/wp\/v2\/media?parent=44996"}],"wp:term":[{"taxonomy":"category","embeddable":true,"href":"https:\/\/senoticias.com.br\/se\/wp-json\/wp\/v2\/categories?post=44996"},{"taxonomy":"post_tag","embeddable":true,"href":"https:\/\/senoticias.com.br\/se\/wp-json\/wp\/v2\/tags?post=44996"}],"curies":[{"name":"wp","href":"https:\/\/api.w.org\/{rel}","templated":true}]}}