{"id":44993,"date":"2013-02-28T18:34:28","date_gmt":"2013-02-28T21:34:28","guid":{"rendered":"http:\/\/senoticias.com.br\/se\/?p=44993"},"modified":"2013-03-02T11:46:34","modified_gmt":"2013-03-02T14:46:34","slug":"joao-alves-oficializa-local-do-pre-caju-em-2014","status":"publish","type":"post","link":"https:\/\/senoticias.com.br\/se\/joao-alves-oficializa-local-do-pre-caju-em-2014\/","title":{"rendered":"Jo\u00e3o Alves oficializa local do Pr\u00e9 Caju em 2014"},"content":{"rendered":"<p>&nbsp;<\/p>\n<div id=\"attachment_44994\" style=\"width: 310px\" class=\"wp-caption alignleft\"><a href=\"http:\/\/senoticias.com.br\/se\/wp-content\/uploads\/2013\/02\/autorizacao_do_solo_pre_caju_fotos_sergio_silva_20.jpg\"><img loading=\"lazy\" decoding=\"async\" aria-describedby=\"caption-attachment-44994\" class=\"size-medium wp-image-44994\" title=\"\" src=\"http:\/\/senoticias.com.br\/se\/wp-content\/uploads\/2013\/02\/autorizacao_do_solo_pre_caju_fotos_sergio_silva_20-300x205.jpg\" alt=\"\" width=\"300\" height=\"205\" srcset=\"https:\/\/senoticias.com.br\/se\/wp-content\/uploads\/2013\/02\/autorizacao_do_solo_pre_caju_fotos_sergio_silva_20-300x205.jpg 300w, https:\/\/senoticias.com.br\/se\/wp-content\/uploads\/2013\/02\/autorizacao_do_solo_pre_caju_fotos_sergio_silva_20-342x234.jpg 342w, https:\/\/senoticias.com.br\/se\/wp-content\/uploads\/2013\/02\/autorizacao_do_solo_pre_caju_fotos_sergio_silva_20.jpg 800w\" sizes=\"(max-width: 300px) 100vw, 300px\" \/><\/a><p id=\"caption-attachment-44994\" class=\"wp-caption-text\">O prefeito assinou a autoriza\u00e7\u00e3o para que o evento continue no mesmo local (Foto: Sergio Silva)<\/p><\/div>\n<p style=\"text-align: justify;\">Grande incentivador de eventos que trazem benef\u00edcio a Aracaju, o prefeito Jo\u00e3o Alves Filho esteve hoje, dia 28, reunido com a diretoria da Associa\u00e7\u00e3o de Blocos e Trios (ASBT) autorizando as datas para a realiza\u00e7\u00e3o do Pr\u00e9 Caju 2014. A pr\u00e9via carnavalesca ser\u00e1 realizada de 23 a 26 de janeiro do pr\u00f3ximo ano.<\/p>\n<p style=\"text-align: justify;\">Contradizendo boatos de que o Pr\u00e9 Caju n\u00e3o seria realizado no bairro 13 de Julho, Jo\u00e3o Alves assinou a autoriza\u00e7\u00e3o para que o evento continue no mesmo local. Para o prefeito, n\u00e3o existe outro local em Aracaju com \u00e1reas de escape igual \u00e0 13 de Julho para que possa haver as revistas necess\u00e1rias para os foli\u00f5es adentrarem o circuito com seguran\u00e7a.<\/p>\n<p style=\"text-align: justify;\">&#8220;Quando a fam\u00edlia Augustus veio me procurar na primeira vez para apoiar a iniciativa de um evento ao p\u00fablico financiado por empresas particulares, muitas pessoas se colocaram contra. Mas eu acreditei neste sonho 22 anos e hoje estou at\u00e9 mesmo admirado com o crescimento&#8221;, disse Jo\u00e3o Alves, lembrando que foi ao Pr\u00e9 Caju 2013 na pipoca de v\u00e1rios blocos. &#8220;Nunca cogitei retirar o Pr\u00e9 Caju do bairro 13 de Julho. \u00c9 um evento muito importante que faz crescer o turismo em Aracaju&#8221;<\/p>\n<p style=\"text-align: justify;\">Preocupado com a mobilidade do tr\u00e2nsito em Aracaju, a \u00fanica sugest\u00e3o que Jo\u00e3o Alves fez, durante o encontro com a ASBT, foi que houvesse maior agilidade na montagem e desmontagem da estrutura do Pr\u00e9 Caju. &#8220;O tr\u00e2nsito de Aracaju \u00e9 muito lento. Em hor\u00e1rio de pico demoramos aproximadamente 40 minutos do Centro \u00e0 Atalaia, por isso a proposta de que a montagem e desmontagem dos camarotes fosse mais \u00e1gil&#8221;.<\/p>\n<p style=\"text-align: justify;\">Al\u00e9m de agradecer ao prefeito todo o apoio e incentivo durante o Pr\u00e9 Caju 2013, o presidente da ASBT, Lourival Oliveira, falou do sucesso do evento que contou com mais de 70 trios el\u00e9tricos durante os quatro dias de folia. &#8220;Com a realiza\u00e7\u00e3o deste Pr\u00e9 Caju ficou provado que a mistura de atra\u00e7\u00f5es musicais, que o povo aprova o evento. Queremos que a cada ano possamos corrigir os eventos erros que existiram para sempre melhorar o evento&#8221;, falou Lourival.<\/p>\n<p style=\"text-align: justify;\"><em><strong>Ag\u00eancia Aracaju de Not\u00edcias<\/strong><\/em><\/p>\n","protected":false},"excerpt":{"rendered":"<p>&nbsp; Grande incentivador de eventos que trazem benef\u00edcio a Aracaju, o prefeito Jo\u00e3o Alves Filho esteve hoje, dia 28, reunido com a diretoria da Associa\u00e7\u00e3o de Blocos e Trios (ASBT) autorizando as datas para a realiza\u00e7\u00e3o do Pr\u00e9 Caju 2014. A pr\u00e9via carnavalesca ser\u00e1 realizada de 23 a 26 de janeiro do pr\u00f3ximo ano. Contradizendo [&hellip;]<\/p>\n","protected":false},"author":1,"featured_media":44994,"comment_status":"closed","ping_status":"closed","sticky":false,"template":"","format":"standard","meta":{"footnotes":""},"categories":[6],"tags":[],"class_list":{"0":"post-44993","1":"post","2":"type-post","3":"status-publish","4":"format-standard","5":"has-post-thumbnail","7":"category-politica"},"_links":{"self":[{"href":"https:\/\/senoticias.com.br\/se\/wp-json\/wp\/v2\/posts\/44993"}],"collection":[{"href":"https:\/\/senoticias.com.br\/se\/wp-json\/wp\/v2\/posts"}],"about":[{"href":"https:\/\/senoticias.com.br\/se\/wp-json\/wp\/v2\/types\/post"}],"author":[{"embeddable":true,"href":"https:\/\/senoticias.com.br\/se\/wp-json\/wp\/v2\/users\/1"}],"replies":[{"embeddable":true,"href":"https:\/\/senoticias.com.br\/se\/wp-json\/wp\/v2\/comments?post=44993"}],"version-history":[{"count":0,"href":"https:\/\/senoticias.com.br\/se\/wp-json\/wp\/v2\/posts\/44993\/revisions"}],"wp:featuredmedia":[{"embeddable":true,"href":"https:\/\/senoticias.com.br\/se\/wp-json\/wp\/v2\/media\/44994"}],"wp:attachment":[{"href":"https:\/\/senoticias.com.br\/se\/wp-json\/wp\/v2\/media?parent=44993"}],"wp:term":[{"taxonomy":"category","embeddable":true,"href":"https:\/\/senoticias.com.br\/se\/wp-json\/wp\/v2\/categories?post=44993"},{"taxonomy":"post_tag","embeddable":true,"href":"https:\/\/senoticias.com.br\/se\/wp-json\/wp\/v2\/tags?post=44993"}],"curies":[{"name":"wp","href":"https:\/\/api.w.org\/{rel}","templated":true}]}}