{"id":44991,"date":"2013-02-28T18:11:12","date_gmt":"2013-02-28T21:11:12","guid":{"rendered":"http:\/\/senoticias.com.br\/se\/?p=44991"},"modified":"2013-02-28T18:23:44","modified_gmt":"2013-02-28T21:23:44","slug":"anatel-reduz-em-88-custo-de-ligacao-de-telefone-fixo-para-celular","status":"publish","type":"post","link":"https:\/\/senoticias.com.br\/se\/anatel-reduz-em-88-custo-de-ligacao-de-telefone-fixo-para-celular\/","title":{"rendered":"Anatel reduz em 8,8% custo de liga\u00e7\u00e3o de telefone fixo para celular"},"content":{"rendered":"<p><em><strong>por Reda\u00e7\u00e3o Folha UOL<\/strong><\/em><\/p>\n<div id=\"attachment_37744\" style=\"width: 310px\" class=\"wp-caption alignleft\"><a href=\"http:\/\/senoticias.com.br\/se\/wp-content\/uploads\/2012\/07\/Celular.jpg\"><img loading=\"lazy\" decoding=\"async\" aria-describedby=\"caption-attachment-37744\" class=\"size-medium wp-image-37744\" title=\"Celular\" src=\"http:\/\/senoticias.com.br\/se\/wp-content\/uploads\/2012\/07\/Celular-300x146.jpg\" alt=\"\" width=\"300\" height=\"146\" srcset=\"https:\/\/senoticias.com.br\/se\/wp-content\/uploads\/2012\/07\/Celular-300x146.jpg 300w, https:\/\/senoticias.com.br\/se\/wp-content\/uploads\/2012\/07\/Celular-342x167.jpg 342w, https:\/\/senoticias.com.br\/se\/wp-content\/uploads\/2012\/07\/Celular.jpg 470w\" sizes=\"(max-width: 300px) 100vw, 300px\" \/><\/a><p id=\"caption-attachment-37744\" class=\"wp-caption-text\">Foto Ilustrativa.<\/p><\/div>\n<p style=\"text-align: justify;\">O conselho diretor da Anatel (Ag\u00eancia Nacional de Telecomunica\u00e7\u00f5es) aprovou nesta quinta-feira (28) novo percentual de reajuste, que ficou negativo, para as concession\u00e1rias de telefonia fixa.<\/p>\n<p style=\"text-align: justify;\">A redu\u00e7\u00e3o de 8,77% valer\u00e1 para liga\u00e7\u00f5es feitas de telefones fixos para aparelhos m\u00f3veis (ou r\u00e1dio).<\/p>\n<p style=\"text-align: justify;\">Com a medida, Telef\u00f4nica, Oi, CTBC, Sercomtel e Embratel ter\u00e3o prazo de um m\u00eas, a contar da publica\u00e7\u00e3o da medida no Di\u00e1rio Oficial &#8211;que deve ocorrer nos pr\u00f3ximos dias&#8211; para adapta\u00e7\u00e3o.<\/p>\n<p style=\"text-align: justify;\">A \u00fanica concession\u00e1ria que ter\u00e1 regra diferente ser\u00e1 a Telemar Norte Leste, que conseguiu impedir, por meio da Justi\u00e7a, no ano passado, a aplica\u00e7\u00e3o do desconto de 2012. Esse reajuste havia sido fixado em 10,78%. Portanto, para clientes dessa empresa, o desconto ser\u00e1 o somat\u00f3rio das duas medidas, de 2012 e 2013, o que gera uma redu\u00e7\u00e3o de 18,6%.<\/p>\n<p style=\"text-align: justify;\">As redu\u00e7\u00f5es valem tanto para chamadas longa dist\u00e2ncia (com outro DDD), como para chamadas locais.<\/p>\n<p style=\"text-align: justify;\">Segundo o conselheiro da ag\u00eancia, Jarbas Valente, a medida trar\u00e1 impacto positivo para os indicadores de infla\u00e7\u00e3o do pa\u00eds.<\/p>\n","protected":false},"excerpt":{"rendered":"<p>por Reda\u00e7\u00e3o Folha UOL O conselho diretor da Anatel (Ag\u00eancia Nacional de Telecomunica\u00e7\u00f5es) aprovou nesta quinta-feira (28) novo percentual de reajuste, que ficou negativo, para as concession\u00e1rias de telefonia fixa. A redu\u00e7\u00e3o de 8,77% valer\u00e1 para liga\u00e7\u00f5es feitas de telefones fixos para aparelhos m\u00f3veis (ou r\u00e1dio). Com a medida, Telef\u00f4nica, Oi, CTBC, Sercomtel e Embratel [&hellip;]<\/p>\n","protected":false},"author":1,"featured_media":37744,"comment_status":"closed","ping_status":"closed","sticky":false,"template":"","format":"standard","meta":{"footnotes":""},"categories":[310,1],"tags":[],"class_list":{"0":"post-44991","1":"post","2":"type-post","3":"status-publish","4":"format-standard","5":"has-post-thumbnail","7":"category-destaques-da-semana","8":"category-sem-categoria"},"_links":{"self":[{"href":"https:\/\/senoticias.com.br\/se\/wp-json\/wp\/v2\/posts\/44991"}],"collection":[{"href":"https:\/\/senoticias.com.br\/se\/wp-json\/wp\/v2\/posts"}],"about":[{"href":"https:\/\/senoticias.com.br\/se\/wp-json\/wp\/v2\/types\/post"}],"author":[{"embeddable":true,"href":"https:\/\/senoticias.com.br\/se\/wp-json\/wp\/v2\/users\/1"}],"replies":[{"embeddable":true,"href":"https:\/\/senoticias.com.br\/se\/wp-json\/wp\/v2\/comments?post=44991"}],"version-history":[{"count":0,"href":"https:\/\/senoticias.com.br\/se\/wp-json\/wp\/v2\/posts\/44991\/revisions"}],"wp:featuredmedia":[{"embeddable":true,"href":"https:\/\/senoticias.com.br\/se\/wp-json\/wp\/v2\/media\/37744"}],"wp:attachment":[{"href":"https:\/\/senoticias.com.br\/se\/wp-json\/wp\/v2\/media?parent=44991"}],"wp:term":[{"taxonomy":"category","embeddable":true,"href":"https:\/\/senoticias.com.br\/se\/wp-json\/wp\/v2\/categories?post=44991"},{"taxonomy":"post_tag","embeddable":true,"href":"https:\/\/senoticias.com.br\/se\/wp-json\/wp\/v2\/tags?post=44991"}],"curies":[{"name":"wp","href":"https:\/\/api.w.org\/{rel}","templated":true}]}}