{"id":44988,"date":"2013-02-28T17:56:44","date_gmt":"2013-02-28T20:56:44","guid":{"rendered":"http:\/\/senoticias.com.br\/se\/?p=44988"},"modified":"2013-03-02T11:07:00","modified_gmt":"2013-03-02T14:07:00","slug":"laercio-oliveira-comemora-aprovacao-do-14%c2%ba-e-15%c2%ba-salarios","status":"publish","type":"post","link":"https:\/\/senoticias.com.br\/se\/laercio-oliveira-comemora-aprovacao-do-14%c2%ba-e-15%c2%ba-salarios\/","title":{"rendered":"La\u00e9rcio Oliveira comemora aprova\u00e7\u00e3o do 14\u00ba e 15\u00ba sal\u00e1rios"},"content":{"rendered":"<p>&nbsp;<\/p>\n<div id=\"attachment_40819\" style=\"width: 310px\" class=\"wp-caption alignleft\"><a href=\"http:\/\/senoticias.com.br\/se\/wp-content\/uploads\/2012\/11\/La\u00e9rcio-Oliveira.jpg\"><img loading=\"lazy\" decoding=\"async\" aria-describedby=\"caption-attachment-40819\" class=\"size-full wp-image-40819\" title=\"La\u00e9rcio Oliveira\" src=\"http:\/\/senoticias.com.br\/se\/wp-content\/uploads\/2012\/11\/La\u00e9rcio-Oliveira.jpg\" alt=\"\" width=\"300\" height=\"168\" \/><\/a><p id=\"caption-attachment-40819\" class=\"wp-caption-text\">La\u00e9rcio Oliveira. (Saulo Cruz \/Ag\u00eancia C\u00e2mara)<\/p><\/div>\n<p style=\"text-align: justify;\">A C\u00e2mara dos Deputados decidiu nesta quarta-feira, 27, acabar com o pagamento de 14\u00ba e 15\u00ba sal\u00e1rios para deputados e senadores. O deputado federal La\u00e9rcio Oliveira era um dos 29 deputados, o \u00fanico de Sergipe, que j\u00e1 haviam renunciado ao benef\u00edcio. Ele enviou no ano passado um of\u00edcio a diretoria geral da C\u00e2mara dos Deputados renunciando aos dois sal\u00e1rios extras e assim n\u00e3o recebeu a primeira parcela desse pagamento logo ap\u00f3s o carnaval.<\/p>\n<p style=\"text-align: justify;\">O projeto, de autoria da ministra da Casa Civil, Gleisi Hoffmann, foi aprovado por unanimidade pelo plen\u00e1rio. Como se trata de um decreto legislativo que j\u00e1 passou pelo Senado, a promulga\u00e7\u00e3o da medida n\u00e3o precisa de san\u00e7\u00e3o da presidente Dilma Rousseff.<\/p>\n<p style=\"text-align: justify;\">La\u00e9rcio Oliveira comemora a aprova\u00e7\u00e3o porque n\u00e3o \u00e9 justo um deputado receber 14\u00ba e 15\u00ba num pa\u00eds em que o trabalhador s\u00f3 vai ao 13\u00ba. \u201cCom a extin\u00e7\u00e3o do benef\u00edcio, a C\u00e2mara vai economizar anualmente R$ 31 milh\u00f5es\u201d, informou o parlamentar.<\/p>\n<p style=\"text-align: justify;\">Os sal\u00e1rios extras foram introduzidos no parlamento pela primeira vez em 1948. \u201cO procedimento naquela \u00e9poca se justificava porque os parlamentares se mudavam para o Rio com suas fam\u00edlias. Hoje, sabemos que n\u00e3o \u00e9 mais dessa forma, voltamos todas as semanas para os estados\u201d, disse Oliveira.<\/p>\n<p style=\"text-align: justify;\"><strong>Por Carla Passos &#8211; Assessoria de Imprensa<\/strong><\/p>\n","protected":false},"excerpt":{"rendered":"<p>&nbsp; A C\u00e2mara dos Deputados decidiu nesta quarta-feira, 27, acabar com o pagamento de 14\u00ba e 15\u00ba sal\u00e1rios para deputados e senadores. O deputado federal La\u00e9rcio Oliveira era um dos 29 deputados, o \u00fanico de Sergipe, que j\u00e1 haviam renunciado ao benef\u00edcio. Ele enviou no ano passado um of\u00edcio a diretoria geral da C\u00e2mara dos [&hellip;]<\/p>\n","protected":false},"author":1,"featured_media":40819,"comment_status":"closed","ping_status":"closed","sticky":false,"template":"","format":"standard","meta":{"footnotes":""},"categories":[15,6],"tags":[],"class_list":{"0":"post-44988","1":"post","2":"type-post","3":"status-publish","4":"format-standard","5":"has-post-thumbnail","7":"category-destaques","8":"category-politica"},"_links":{"self":[{"href":"https:\/\/senoticias.com.br\/se\/wp-json\/wp\/v2\/posts\/44988"}],"collection":[{"href":"https:\/\/senoticias.com.br\/se\/wp-json\/wp\/v2\/posts"}],"about":[{"href":"https:\/\/senoticias.com.br\/se\/wp-json\/wp\/v2\/types\/post"}],"author":[{"embeddable":true,"href":"https:\/\/senoticias.com.br\/se\/wp-json\/wp\/v2\/users\/1"}],"replies":[{"embeddable":true,"href":"https:\/\/senoticias.com.br\/se\/wp-json\/wp\/v2\/comments?post=44988"}],"version-history":[{"count":0,"href":"https:\/\/senoticias.com.br\/se\/wp-json\/wp\/v2\/posts\/44988\/revisions"}],"wp:featuredmedia":[{"embeddable":true,"href":"https:\/\/senoticias.com.br\/se\/wp-json\/wp\/v2\/media\/40819"}],"wp:attachment":[{"href":"https:\/\/senoticias.com.br\/se\/wp-json\/wp\/v2\/media?parent=44988"}],"wp:term":[{"taxonomy":"category","embeddable":true,"href":"https:\/\/senoticias.com.br\/se\/wp-json\/wp\/v2\/categories?post=44988"},{"taxonomy":"post_tag","embeddable":true,"href":"https:\/\/senoticias.com.br\/se\/wp-json\/wp\/v2\/tags?post=44988"}],"curies":[{"name":"wp","href":"https:\/\/api.w.org\/{rel}","templated":true}]}}