{"id":44985,"date":"2013-02-28T17:50:23","date_gmt":"2013-02-28T20:50:23","guid":{"rendered":"http:\/\/senoticias.com.br\/se\/?p=44985"},"modified":"2013-02-28T18:02:02","modified_gmt":"2013-02-28T21:02:02","slug":"juiz-proibe-interdicao-de-rodovia-federal","status":"publish","type":"post","link":"https:\/\/senoticias.com.br\/se\/juiz-proibe-interdicao-de-rodovia-federal\/","title":{"rendered":"Juiz proibe interdi\u00e7\u00e3o de Rodovia Federal  pela Coopertalse"},"content":{"rendered":"<p>&nbsp;<\/p>\n<div id=\"attachment_44987\" style=\"width: 310px\" class=\"wp-caption alignleft\"><a href=\"http:\/\/senoticias.com.br\/se\/wp-content\/uploads\/2013\/02\/rodovia.jpg\"><img loading=\"lazy\" decoding=\"async\" aria-describedby=\"caption-attachment-44987\" class=\"size-medium wp-image-44987\" title=\"rodovia\" src=\"http:\/\/senoticias.com.br\/se\/wp-content\/uploads\/2013\/02\/rodovia-300x167.jpg\" alt=\"\" width=\"300\" height=\"167\" srcset=\"https:\/\/senoticias.com.br\/se\/wp-content\/uploads\/2013\/02\/rodovia-300x167.jpg 300w, https:\/\/senoticias.com.br\/se\/wp-content\/uploads\/2013\/02\/rodovia-342x190.jpg 342w, https:\/\/senoticias.com.br\/se\/wp-content\/uploads\/2013\/02\/rodovia.jpg 449w\" sizes=\"(max-width: 300px) 100vw, 300px\" \/><\/a><p id=\"caption-attachment-44987\" class=\"wp-caption-text\">Juiz proibe interdi\u00e7\u00e3o de Rodovia Federal. (Foto: Justi\u00e7a Federal)<\/p><\/div>\n<p style=\"text-align: justify;\">A Uni\u00e3o ingressou com A\u00e7\u00e3o de Interdito Proibit\u00f3rio, junto \u00e0 Justi\u00e7a Federal, em 26\/02\/2013, visando impedir Movimento de Interdi\u00e7\u00e3o promovido pela COOPERTALSE, cooperativa que realiza o transporte intermunicipal no Estado de Sergipe, anunciado para esta quarta-feira, em frente ao Posto da Pol\u00edcia Rodovi\u00e1ria Federal- PRF da BR 35, instalado na sa\u00edda de Aracaju.<\/p>\n<p style=\"text-align: justify;\">Segundo a not\u00edcia jornal\u00edstica, o pleito da categoria diz respeito, essencialmente, ao aumento da tarifa e, ainda, a eventual &#8220;persegui\u00e7\u00e3o&#8221; feita pela PRF, aos cooperados, que v\u00eam sofrendo autua\u00e7\u00f5es da autoridade policial rodovi\u00e1ria federal.<\/p>\n<p style=\"text-align: justify;\">Em sua peti\u00e7\u00e3o, a Uni\u00e3o esclarece que o bem amea\u00e7ado de interdi\u00e7\u00e3o \u00e9 Rodovia Federal, im\u00f3vel pertencente \u00e0 Uni\u00e3o, compreendendo servi\u00e7o p\u00fablico relativo \u00e0 rodagem, nos termos do art. 21, XII, \u201ce, da Constitui\u00e7\u00e3o Federal, o que imp\u00f5e \u00e0 Uni\u00e3o atuar em defesa da posse da \u00e1rea e do servi\u00e7o em quest\u00e3o, nos termos do art. 1210 do C\u00f3digo Civil.<\/p>\n<p style=\"text-align: justify;\">Salienta que o perigo da perman\u00eancia de associados da r\u00e9 naquela rodovia e \u00e1reas adjacentes \u00e9 evidente, uma vez que a rodovia \u00e9 destinada a uso comum do povo e a faixa de dom\u00ednio existe para garantir a seguran\u00e7a dos usu\u00e1rios e n\u00e3o para pessoas nela permanecerem.<\/p>\n<p style=\"text-align: justify;\">Pleiteia a concess\u00e3o da medida liminar para o fim de que n\u00e3o seja obstru\u00edda a aludida Rodovia Federal ou qualquer outra no Estado de Sergipe.<\/p>\n<p style=\"text-align: justify;\"><strong>DECIS\u00c3O<\/strong><\/p>\n<p style=\"text-align: justify;\">Em sua decis\u00e3o, o Juiz Federal Edmilson Silva Pimenta ressaltou que a interdi\u00e7\u00e3o da rodovia traria transtornos para o tr\u00e1fego de ve\u00edculos no local e, conseq\u00fcentemente, preju\u00edzos para as pessoas que ter\u00e3o sua liberdade de ir e vir cerceada, ainda que momentaneamente, e sobretudo paralisaria o intenso movimento de ve\u00edculos que transitam, diuturnamente, pela sa\u00edda de Aracaju, no trecho em realce, que n\u00e3o pode se transformar em palco de manifesta\u00e7\u00f5es pol\u00edticas, sociais, coletivas ou de qualquer outra esp\u00e9cie, em detrimento da ordem p\u00fablica e acarretando danos, \u00e0s vezes at\u00e9 irrevers\u00edveis a terceiros, que nada t\u00eam a ver com o movimento, mas sofrem suas indesej\u00e1veis conseq\u00fc\u00eancias.<\/p>\n<p style=\"text-align: justify;\">Posto isso, concedeu a medida liminar, determinando \u00e0 COOPERTALSE que se abstenha de interditar a Rodovia BR 235, no trecho em frente ao Posto da PRF, na sa\u00edda de Aracaju, ou qualquer outro trecho de Rodovia Federal no \u00e2mbito desta jurisdi\u00e7\u00e3o.<\/p>\n<p style=\"text-align: justify;\"><strong>Se\u00e7\u00e3o de Comunica\u00e7\u00e3o Social- JFSE<\/strong><\/p>\n","protected":false},"excerpt":{"rendered":"<p>&nbsp; A Uni\u00e3o ingressou com A\u00e7\u00e3o de Interdito Proibit\u00f3rio, junto \u00e0 Justi\u00e7a Federal, em 26\/02\/2013, visando impedir Movimento de Interdi\u00e7\u00e3o promovido pela COOPERTALSE, cooperativa que realiza o transporte intermunicipal no Estado de Sergipe, anunciado para esta quarta-feira, em frente ao Posto da Pol\u00edcia Rodovi\u00e1ria Federal- PRF da BR 35, instalado na sa\u00edda de Aracaju. Segundo [&hellip;]<\/p>\n","protected":false},"author":1,"featured_media":44987,"comment_status":"closed","ping_status":"closed","sticky":false,"template":"","format":"standard","meta":{"footnotes":""},"categories":[1],"tags":[],"class_list":{"0":"post-44985","1":"post","2":"type-post","3":"status-publish","4":"format-standard","5":"has-post-thumbnail","7":"category-sem-categoria"},"_links":{"self":[{"href":"https:\/\/senoticias.com.br\/se\/wp-json\/wp\/v2\/posts\/44985"}],"collection":[{"href":"https:\/\/senoticias.com.br\/se\/wp-json\/wp\/v2\/posts"}],"about":[{"href":"https:\/\/senoticias.com.br\/se\/wp-json\/wp\/v2\/types\/post"}],"author":[{"embeddable":true,"href":"https:\/\/senoticias.com.br\/se\/wp-json\/wp\/v2\/users\/1"}],"replies":[{"embeddable":true,"href":"https:\/\/senoticias.com.br\/se\/wp-json\/wp\/v2\/comments?post=44985"}],"version-history":[{"count":0,"href":"https:\/\/senoticias.com.br\/se\/wp-json\/wp\/v2\/posts\/44985\/revisions"}],"wp:featuredmedia":[{"embeddable":true,"href":"https:\/\/senoticias.com.br\/se\/wp-json\/wp\/v2\/media\/44987"}],"wp:attachment":[{"href":"https:\/\/senoticias.com.br\/se\/wp-json\/wp\/v2\/media?parent=44985"}],"wp:term":[{"taxonomy":"category","embeddable":true,"href":"https:\/\/senoticias.com.br\/se\/wp-json\/wp\/v2\/categories?post=44985"},{"taxonomy":"post_tag","embeddable":true,"href":"https:\/\/senoticias.com.br\/se\/wp-json\/wp\/v2\/tags?post=44985"}],"curies":[{"name":"wp","href":"https:\/\/api.w.org\/{rel}","templated":true}]}}