{"id":44980,"date":"2013-02-28T15:54:13","date_gmt":"2013-02-28T18:54:13","guid":{"rendered":"http:\/\/senoticias.com.br\/se\/?p=44980"},"modified":"2013-03-01T18:09:24","modified_gmt":"2013-03-01T21:09:24","slug":"nao-sou-mais-pontifice-mas-um-peregrino-diz-bento-xvi-na-despedida","status":"publish","type":"post","link":"https:\/\/senoticias.com.br\/se\/nao-sou-mais-pontifice-mas-um-peregrino-diz-bento-xvi-na-despedida\/","title":{"rendered":"N\u00e3o sou mais pont\u00edfice, mas um peregrino, diz Bento XVI na despedida"},"content":{"rendered":"<p><em><strong>Do G1, S\u00e3o Paulo<\/strong><\/em><\/p>\n<p style=\"text-align: justify;\"><a href=\"http:\/\/senoticias.com.br\/se\/wp-content\/uploads\/2013\/02\/renuncia-papav3.jpg\"><img loading=\"lazy\" decoding=\"async\" class=\"alignright size-full wp-image-44981\" title=\"renuncia-papav3\" src=\"http:\/\/senoticias.com.br\/se\/wp-content\/uploads\/2013\/02\/renuncia-papav3.jpg\" alt=\"\" width=\"300\" height=\"1334\" srcset=\"https:\/\/senoticias.com.br\/se\/wp-content\/uploads\/2013\/02\/renuncia-papav3.jpg 300w, https:\/\/senoticias.com.br\/se\/wp-content\/uploads\/2013\/02\/renuncia-papav3-230x1024.jpg 230w\" sizes=\"(max-width: 300px) 100vw, 300px\" \/><\/a>O Papa Bento XVI disse nesta quinta-feira (28), em Castel Gandolfo, que n\u00e3o \u00e9 mais pont\u00edfice, &#8220;mas um simples peregrino encerrando seu caminho nesta terra&#8221;, poucos minutos ap\u00f3s deixar o Vaticano, praticamente encerrando seus oito anos de pontificado.<\/p>\n<p style=\"text-align: justify;\">&#8220;Obrigado por sua amizade e seu afeto. Como voc\u00eas sabem, hoje \u00e9 um dia diferente dos anteriores. Eu s\u00f3 serei o Sumo Pont\u00edfice da Igreja Cat\u00f3lica at\u00e9 as 20h (16h de Bras\u00edlia). Depois disso, serei simplesmente um peregrino que est\u00e1 come\u00e7ando a fase final de seu caminho nesta terra&#8221;, disse, antes de se recolher ao edif\u00edcio.<\/p>\n<p style=\"text-align: justify;\">O Papa fez a declara\u00e7\u00e3o da sacada da resid\u00eancia papal de ver\u00e3o, em que vai viver as pr\u00f3ximas semanas enquanto o conclave escolhe seu sucessor. Ele era esperado por muitos fi\u00e9is, locais e de outras regi\u00f5es.<\/p>\n<p style=\"text-align: justify;\">Bento XVI deixou o Vaticano, em um helic\u00f3ptero da For\u00e7a A\u00e9rea Italiana, \u00e0s 17h07 locais (13h07 de Bras\u00edlia).<br \/>\nAntes de embarcar, o pont\u00edfice recebeu adeus no P\u00e1tio de S\u00e3o Dam\u00e1sio de um grupo da Guarda Su\u00ed\u00e7a e de seus colaboradores da Secret\u00e1ria de Estado. Ele estava de carro, acompanhado de seu secret\u00e1rio, Georg G\u00e4nswein.<\/p>\n<p style=\"text-align: justify;\">Os sinos do Vaticano e de todas as bas\u00edlicas de Roma soaram durante a decolagem do helic\u00f3ptero, sob aplausos de cardeais, outros religiosos e fi\u00e9is.<\/p>\n<p style=\"text-align: justify;\">Bento XVI chegou a Castel Gandolfo, que fica a 30 quil\u00f4metros da Santa S\u00e9, \u00e0s 17h24 locais (13h24 de Bras\u00edlia). Ele foi recebido por autoridades civis e religiosas.<\/p>\n<p style=\"text-align: justify;\">O pont\u00edfice alem\u00e3o, de 85 anos, havia anunciado em 11 de fevereiro que, no dia 28, renunciaria ao cargo. O an\u00fancio, in\u00e9dito na hist\u00f3ria recente da Igreja Cat\u00f3lica, foi considerado surpreendente.<\/p>\n<p style=\"text-align: justify;\">Bento XVI argumentou que, por conta da idade avan\u00e7ada, n\u00e3o tinha mais for\u00e7as para liderar a Igreja Cat\u00f3lica.<br \/>\nSua ren\u00fancia deve se tornar efetiva \u00e0s 20h locais (16h de Bras\u00edlia).<\/p>\n<p style=\"text-align: justify;\">Ele ent\u00e3o ser\u00e1 chamado de Papa Em\u00e9rito. Daqui daqui cerca de dois meses, voltar\u00e1 ao Vaticano para levar vida contemplativa em um mosteiro.<\/p>\n<p style=\"text-align: justify;\"><strong>Cardeais<\/strong><\/p>\n<p style=\"text-align: justify;\">Mais cedo, Bento XVI prometeu &#8220;incondicional rever\u00eancia e obedi\u00eancia&#8221; ao seu sucessor, ao falar brevemente no seu encontro de despedida com os cardeais.<\/p>\n<p style=\"text-align: justify;\">&#8220;Continuarei pr\u00f3ximo a voc\u00eas em ora\u00e7\u00e3o, especialmente nos pr\u00f3ximos dias, em que elegem o novo Papa, ao qual hoje declaro incondicionais rever\u00eancia e obedi\u00eancia&#8221;, disse.<\/p>\n<p style=\"text-align: justify;\">Bento XVI tamb\u00e9m apelou para que a Igreja Cat\u00f3lica permane\u00e7a unida.<\/p>\n<p style=\"text-align: justify;\">O Papa destacou a proximidade, a solidariedade e os conselhos que recebeu dos cardeais em seus oito anos de pontificado.<\/p>\n<p style=\"text-align: justify;\">&#8220;Nestes anos, vivemos com f\u00e9 momentos bel\u00edssimos de luz radiante no caminho da Igreja, ao lado de momentos nos quais as nuvens se condensavam no c\u00e9u. Tentamos servir a Cristo e a sua Igreja com amor profundo e total, que \u00e9 a alma de nosso Minist\u00e9rio&#8221;, disse.<\/p>\n<p style=\"text-align: justify;\">Bento XVI afirmou ainda que o Col\u00e9gio Cardinal\u00edcio deve ser &#8220;como uma orquestra, na qual a diversidade possa levar a uma harmonia de conc\u00f3rdia&#8221;.<\/p>\n<p style=\"text-align: justify;\">&#8220;Permane\u00e7amos unidos, queridos irm\u00e3os, nas preces e especialmente na eucaristia. Assim servimos \u00e0 Igreja e a toda \u00e0 humanidade. Esta \u00e9 nossa alegria, que ningu\u00e9m nos pode tirar&#8221;, disse.<\/p>\n<p style=\"text-align: justify;\">Bento XVI disse ainda que a Igreja n\u00e3o \u00e9 uma &#8220;institui\u00e7\u00e3o inventada por algu\u00e9m, constru\u00edda sobre uma mesa, mas uma realidade viva, que vive se transformando, embora sua natureza continua sendo sempre a mesma, j\u00e1 que sua natureza \u00e9 Cristo&#8221;.<\/p>\n<p style=\"text-align: justify;\"><strong>&#8216;Gratid\u00e3o&#8217;<\/strong><\/p>\n<p style=\"text-align: justify;\">Os cardeais, representados pelo decano do Col\u00e9gio Cardinal\u00edcio, Angelo Sodano, expressaram sua &#8220;gratid\u00e3o&#8221; a Bento XVI por seus oito anos de pontificado. Sodano disse que Bento XVI foi um &#8220;exemplo&#8221;.<\/p>\n<p style=\"text-align: justify;\">Cerca de 144 cardeais participam do encontro, na Sala Clementina, no Vaticano, segundo Federido Lombardi, porta-voz do Vaticano.<br \/>\nEles receberam Bento XVI com um aplauso de despedida. Depois, os cardeais se despediram separadamente de Bento XVI, beijando sua m\u00e3o.<\/p>\n<p style=\"text-align: justify;\">Alguns cardeais deram presentes ao Papa, segundo o porta-voz do Vaticano, Federico Lombardi. Ele n\u00e3o detalhou quais foram os presentes.<\/p>\n<p style=\"text-align: justify;\"><strong>Ren\u00fancia<\/strong><\/p>\n<p style=\"text-align: justify;\">A ren\u00fancia deve se tornar efetiva \u00e0s 20h locais (16h de Bras\u00edlia).<\/p>\n<div id=\"attachment_44982\" style=\"width: 310px\" class=\"wp-caption alignleft\"><a href=\"http:\/\/senoticias.com.br\/se\/wp-content\/uploads\/2013\/02\/1_15.jpg\"><img loading=\"lazy\" decoding=\"async\" aria-describedby=\"caption-attachment-44982\" class=\"size-medium wp-image-44982\" title=\"\" src=\"http:\/\/senoticias.com.br\/se\/wp-content\/uploads\/2013\/02\/1_15-300x200.jpg\" alt=\"\" width=\"300\" height=\"200\" srcset=\"https:\/\/senoticias.com.br\/se\/wp-content\/uploads\/2013\/02\/1_15-300x200.jpg 300w, https:\/\/senoticias.com.br\/se\/wp-content\/uploads\/2013\/02\/1_15-342x228.jpg 342w, https:\/\/senoticias.com.br\/se\/wp-content\/uploads\/2013\/02\/1_15.jpg 620w\" sizes=\"(max-width: 300px) 100vw, 300px\" \/><\/a><p id=\"caption-attachment-44982\" class=\"wp-caption-text\">O Papa Bento XVI acena para os fi\u00e9is da sacada da resid\u00eancia de Castel Gandolfo, pouco ap\u00f3s deixar o Vaticano nesta quinta-feira (28) (Foto: Reuters)<\/p><\/div>\n<p style=\"text-align: justify;\">Nada de especial est\u00e1 previsto quando o rel\u00f3gio badalar oito horas da noite (hora local), momento em que oficialmente termina o pontificado.<br \/>\nNeste hor\u00e1rio, o pequeno destacamento da Guarda Su\u00ed\u00e7a, em frente \u00e0 resid\u00eancia, fechar\u00e1 a porta e colocar\u00e1 assim um fim ao seu servi\u00e7o, reservado exclusivamente ao Papa. Mas a pol\u00edcia vai continuar a garantir a seguran\u00e7a de Sua Santidade, o Papa Em\u00e9rito.<\/p>\n<p style=\"text-align: justify;\">Ap\u00f3s os dois meses na resid\u00eancia de ver\u00e3o, o Papa Em\u00e9rito vai se estabelecer em um mosteiro no Monte do Vaticano.<br \/>\nA partir da ren\u00fancia, o decano do Col\u00e9gio Cardinal\u00edcio, Angelo Sodano, deve formalmente convocar o Conclave nesta sexta-feira. As primeiras reuni\u00f5es para definir a data de in\u00edcio do conclave devem ocorrer em 4 de mar\u00e7o, segundo a R\u00e1dio Vaticano.<\/p>\n","protected":false},"excerpt":{"rendered":"<p>Do G1, S\u00e3o Paulo O Papa Bento XVI disse nesta quinta-feira (28), em Castel Gandolfo, que n\u00e3o \u00e9 mais pont\u00edfice, &#8220;mas um simples peregrino encerrando seu caminho nesta terra&#8221;, poucos minutos ap\u00f3s deixar o Vaticano, praticamente encerrando seus oito anos de pontificado. &#8220;Obrigado por sua amizade e seu afeto. Como voc\u00eas sabem, hoje \u00e9 um [&hellip;]<\/p>\n","protected":false},"author":1,"featured_media":44982,"comment_status":"closed","ping_status":"closed","sticky":false,"template":"","format":"standard","meta":{"footnotes":""},"categories":[310,46],"tags":[],"class_list":{"0":"post-44980","1":"post","2":"type-post","3":"status-publish","4":"format-standard","5":"has-post-thumbnail","7":"category-destaques-da-semana","8":"category-religiao"},"_links":{"self":[{"href":"https:\/\/senoticias.com.br\/se\/wp-json\/wp\/v2\/posts\/44980"}],"collection":[{"href":"https:\/\/senoticias.com.br\/se\/wp-json\/wp\/v2\/posts"}],"about":[{"href":"https:\/\/senoticias.com.br\/se\/wp-json\/wp\/v2\/types\/post"}],"author":[{"embeddable":true,"href":"https:\/\/senoticias.com.br\/se\/wp-json\/wp\/v2\/users\/1"}],"replies":[{"embeddable":true,"href":"https:\/\/senoticias.com.br\/se\/wp-json\/wp\/v2\/comments?post=44980"}],"version-history":[{"count":0,"href":"https:\/\/senoticias.com.br\/se\/wp-json\/wp\/v2\/posts\/44980\/revisions"}],"wp:featuredmedia":[{"embeddable":true,"href":"https:\/\/senoticias.com.br\/se\/wp-json\/wp\/v2\/media\/44982"}],"wp:attachment":[{"href":"https:\/\/senoticias.com.br\/se\/wp-json\/wp\/v2\/media?parent=44980"}],"wp:term":[{"taxonomy":"category","embeddable":true,"href":"https:\/\/senoticias.com.br\/se\/wp-json\/wp\/v2\/categories?post=44980"},{"taxonomy":"post_tag","embeddable":true,"href":"https:\/\/senoticias.com.br\/se\/wp-json\/wp\/v2\/tags?post=44980"}],"curies":[{"name":"wp","href":"https:\/\/api.w.org\/{rel}","templated":true}]}}