{"id":44974,"date":"2013-02-28T15:22:27","date_gmt":"2013-02-28T18:22:27","guid":{"rendered":"http:\/\/senoticias.com.br\/se\/?p=44974"},"modified":"2013-03-01T14:06:52","modified_gmt":"2013-03-01T17:06:52","slug":"indicadores-sociais-e-economicos-de-sergipe-ganham-destaque-na-carta-capital","status":"publish","type":"post","link":"https:\/\/senoticias.com.br\/se\/indicadores-sociais-e-economicos-de-sergipe-ganham-destaque-na-carta-capital\/","title":{"rendered":"Indicadores sociais e econ\u00f4micos de Sergipe ganham destaque na Carta Capital"},"content":{"rendered":"<p>&nbsp;<\/p>\n<div id=\"attachment_44975\" style=\"width: 310px\" class=\"wp-caption alignleft\"><a href=\"http:\/\/senoticias.com.br\/se\/wp-content\/uploads\/2013\/02\/Imagem12.png\"><img loading=\"lazy\" decoding=\"async\" aria-describedby=\"caption-attachment-44975\" class=\"size-medium wp-image-44975\" title=\"Imagem12\" src=\"http:\/\/senoticias.com.br\/se\/wp-content\/uploads\/2013\/02\/Imagem12-300x151.png\" alt=\"\" width=\"300\" height=\"151\" srcset=\"https:\/\/senoticias.com.br\/se\/wp-content\/uploads\/2013\/02\/Imagem12-300x151.png 300w, https:\/\/senoticias.com.br\/se\/wp-content\/uploads\/2013\/02\/Imagem12-342x172.png 342w, https:\/\/senoticias.com.br\/se\/wp-content\/uploads\/2013\/02\/Imagem12.png 514w\" sizes=\"(max-width: 300px) 100vw, 300px\" \/><\/a><p id=\"caption-attachment-44975\" class=\"wp-caption-text\">Ao exibir as &#39;formas de medir a riqueza nordestina&#39;, o caderno traz Sergipe como o estado nordestino com maior PIB per capita. (Foto: Divulga\u00e7\u00e3o)<\/p><\/div>\n<p style=\"text-align: justify;\">Os indicadores sociais e econ\u00f4micos de Sergipe ganharam destaque nacional em meio ao caderno &#8216;Relat\u00f3rios Especiais&#8217;, edi\u00e7\u00e3o Nordeste, da revista Carta Capital veiculada esta semana. A publica\u00e7\u00e3o tem como foco o recente crescimento da renda do nordestino, al\u00e9m dos mais de R$282 bilh\u00f5es em investimentos na Regi\u00e3o anunciados por empresas nos \u00faltimos cinco anos.<\/p>\n<p style=\"text-align: justify;\">Ao exibir as &#8216;formas de medir a riqueza nordestina&#8217;, o caderno traz Sergipe como o estado nordestino com maior PIB per capita (dados de 2010). A divis\u00e3o do produto pelo n\u00famero da popula\u00e7\u00e3o em Sergipe chega a R$ 11. 572,44, sendo a m\u00e9dia da regi\u00e3o Nordeste de R$ 9.561,41. Ou seja, o valor sergipano supera em mais de 20% o valor da regi\u00e3o.<\/p>\n<p style=\"text-align: justify;\">Outro n\u00famero expressivo lembrado pela Carta Capital est\u00e1 no crescimento m\u00e9dio do PIB local. Em 2010, \u00faltimo ano divulgado pelo IBGE, o PIB sergipano chegou a mais de R$ 23 bilh\u00f5es, com crescimento real de 5,3%, se comparado com o ano anterior.<\/p>\n<p style=\"text-align: justify;\">Sergipe contribuiu ainda para que o Nordeste incrementasse seu rendimento m\u00e9dio mensal. A redu\u00e7\u00e3o do n\u00famero de pessoas sem rendimentos diminuiu em mais de 6% entre 2007 e 2011 no estado. Foram aproximadamente 37 mil pessoas que sa\u00edram dessa classifica\u00e7\u00e3o e passaram a ter renda. Este fato est\u00e1 diretamente relacionado com a gera\u00e7\u00e3o de empregos, que Sergipe tamb\u00e9m ganha destaque. S\u00f3 em 2012 foram gerados 9.953 empregos formais no estado.<\/p>\n<p style=\"text-align: justify;\">Entre os indicadores sociais retratados na Carta Capital est\u00e1 tamb\u00e9m a Educa\u00e7\u00e3o. Nesse aspecto Sergipe vem melhorando seus \u00edndices e atualmente j\u00e1 ocupa a quinta posi\u00e7\u00e3o no \u00cdndice Firjan de desenvolvimento Municipal, com uma m\u00e9dia de 0,6730 &#8211; considerada desenvolvimento moderado. Sergipe encontra-se melhor posicionado do que os estado do Maranh\u00e3o, Para\u00edba, Alagoas e Bahia.<\/p>\n<p style=\"text-align: justify;\"><strong>Novos investimentos<\/strong><\/p>\n<p style=\"text-align: justify;\">Quando foca na viabilidade de se investir nos estados do Nordeste, a reportagem cita o diretor da Bull Motors, S\u00e9rgio Schelp, segundo o qual, o f\u00e1cil acesso ao governador Marcelo D\u00e9da foi fundamental para que a montadora de motocicletas paulista escolhesse a cidade de Nossa Senhora do Socorro para investir R$10milh\u00f5es na instala\u00e7\u00e3o de uma f\u00e1brica.<\/p>\n<p style=\"text-align: justify;\">Conforme o executivo, o menor estado do Brasil foi o que acolheu melhor o projeto da empresa. &#8220;Nossas demandas t\u00eam acesso f\u00e1cil ao governador. Percebemos que, embora estejamos fazendo um investimento pequeno, somos importantes para o estado&#8221;, diz o texto.<\/p>\n<p style=\"text-align: justify;\">Outro destaque da Carta Capital est\u00e1 no parque de gera\u00e7\u00e3o de energia e\u00f3lica constru\u00eddo pela Desenvix e inaugurado em janeiro em Sergipe, atrav\u00e9s de um financiamento de R$112 milh\u00f5es do Banco de Desenvolvimento da China (CDB, em inlg\u00eas). &#8220;At\u00e9 bancos de fomento de outros pa\u00edses emergentes, como os chineses, t\u00eam voltado seus recursos para o Nordeste brasileiro&#8221;, observa a reportagem.<\/p>\n<p style=\"text-align: justify;\">O caderno traz ainda uma cita\u00e7\u00e3o do secret\u00e1rio de Desenvolvimento Econ\u00f4mico, da Ci\u00eancia e Tecnologia do Estado de Sergipe, Saum\u00edneo Nascimento, destacando que &#8220;Os trabalhadores que ganham sal\u00e1rio m\u00ednimo formam um p\u00fablico enorme no Nordeste que, at\u00e9 dez anos atr\u00e1s, n\u00e3o tinha poder de consumo nenhum&#8221;.<\/p>\n<p style=\"text-align: justify;\"><em><strong>Ag\u00eancia Sergipe de Not\u00edcias<\/strong><\/em><\/p>\n","protected":false},"excerpt":{"rendered":"<p>&nbsp; Os indicadores sociais e econ\u00f4micos de Sergipe ganharam destaque nacional em meio ao caderno &#8216;Relat\u00f3rios Especiais&#8217;, edi\u00e7\u00e3o Nordeste, da revista Carta Capital veiculada esta semana. A publica\u00e7\u00e3o tem como foco o recente crescimento da renda do nordestino, al\u00e9m dos mais de R$282 bilh\u00f5es em investimentos na Regi\u00e3o anunciados por empresas nos \u00faltimos cinco anos. [&hellip;]<\/p>\n","protected":false},"author":1,"featured_media":44975,"comment_status":"closed","ping_status":"closed","sticky":false,"template":"","format":"standard","meta":{"footnotes":""},"categories":[6],"tags":[],"class_list":{"0":"post-44974","1":"post","2":"type-post","3":"status-publish","4":"format-standard","5":"has-post-thumbnail","7":"category-politica"},"_links":{"self":[{"href":"https:\/\/senoticias.com.br\/se\/wp-json\/wp\/v2\/posts\/44974"}],"collection":[{"href":"https:\/\/senoticias.com.br\/se\/wp-json\/wp\/v2\/posts"}],"about":[{"href":"https:\/\/senoticias.com.br\/se\/wp-json\/wp\/v2\/types\/post"}],"author":[{"embeddable":true,"href":"https:\/\/senoticias.com.br\/se\/wp-json\/wp\/v2\/users\/1"}],"replies":[{"embeddable":true,"href":"https:\/\/senoticias.com.br\/se\/wp-json\/wp\/v2\/comments?post=44974"}],"version-history":[{"count":0,"href":"https:\/\/senoticias.com.br\/se\/wp-json\/wp\/v2\/posts\/44974\/revisions"}],"wp:featuredmedia":[{"embeddable":true,"href":"https:\/\/senoticias.com.br\/se\/wp-json\/wp\/v2\/media\/44975"}],"wp:attachment":[{"href":"https:\/\/senoticias.com.br\/se\/wp-json\/wp\/v2\/media?parent=44974"}],"wp:term":[{"taxonomy":"category","embeddable":true,"href":"https:\/\/senoticias.com.br\/se\/wp-json\/wp\/v2\/categories?post=44974"},{"taxonomy":"post_tag","embeddable":true,"href":"https:\/\/senoticias.com.br\/se\/wp-json\/wp\/v2\/tags?post=44974"}],"curies":[{"name":"wp","href":"https:\/\/api.w.org\/{rel}","templated":true}]}}