{"id":44963,"date":"2013-02-28T10:31:53","date_gmt":"2013-02-28T13:31:53","guid":{"rendered":"http:\/\/senoticias.com.br\/se\/?p=44963"},"modified":"2013-02-28T11:00:46","modified_gmt":"2013-02-28T14:00:46","slug":"prefeita-de-carmopolis-cria-novo-canal-de-comunicacao-com-o-povo","status":"publish","type":"post","link":"https:\/\/senoticias.com.br\/se\/prefeita-de-carmopolis-cria-novo-canal-de-comunicacao-com-o-povo\/","title":{"rendered":"Prefeita de Carm\u00f3polis cria novo canal de comunica\u00e7\u00e3o com o povo"},"content":{"rendered":"<p>&nbsp;<\/p>\n<div id=\"attachment_44965\" style=\"width: 310px\" class=\"wp-caption alignleft\"><a href=\"http:\/\/senoticias.com.br\/se\/wp-content\/uploads\/2013\/02\/DSC_0585-1.jpg\"><img loading=\"lazy\" decoding=\"async\" aria-describedby=\"caption-attachment-44965\" class=\"size-medium wp-image-44965\" title=\"\" src=\"http:\/\/senoticias.com.br\/se\/wp-content\/uploads\/2013\/02\/DSC_0585-1-300x199.jpg\" alt=\"\" width=\"300\" height=\"199\" srcset=\"https:\/\/senoticias.com.br\/se\/wp-content\/uploads\/2013\/02\/DSC_0585-1-300x199.jpg 300w, https:\/\/senoticias.com.br\/se\/wp-content\/uploads\/2013\/02\/DSC_0585-1-342x227.jpg 342w, https:\/\/senoticias.com.br\/se\/wp-content\/uploads\/2013\/02\/DSC_0585-1.jpg 483w\" sizes=\"(max-width: 300px) 100vw, 300px\" \/><\/a><p id=\"caption-attachment-44965\" class=\"wp-caption-text\">Prefeita de Carm\u00f3polis cria novo canal de comunica\u00e7\u00e3o com o povo. (Foto: Ascom)<\/p><\/div>\n<p style=\"text-align: justify;\">Um espa\u00e7o para sugest\u00f5es, reivindica\u00e7\u00f5es e cr\u00edticas. Com esse objetivo, a prefeita de Carm\u00f3polis, Esmeralda Cruz (PT), criou uma linha direta com a popula\u00e7\u00e3o do munic\u00edpio, atrav\u00e9s do site institucional da administra\u00e7\u00e3o: <strong>www.carmopolis.se.gov.br.<\/strong><\/p>\n<p style=\"text-align: justify;\">Neste endere\u00e7o, o link \u2018Fale com a prefeita\u2019 est\u00e1 dispon\u00edvel para que qualquer pessoa possa dar sua opini\u00e3o sobre assuntos de interesse p\u00fablico, seja ele ligado \u00e0 sa\u00fade, \u00e0 educa\u00e7\u00e3o ou \u00e0 infraestrutura urbana da cidade.<\/p>\n<p style=\"text-align: justify;\">\u201c\u00c9 uma forma de estreitar, ainda mais, a nossa rela\u00e7\u00e3o com o povo de Carm\u00f3polis. S\u00f3 eu terei acesso \u00e0s mensagens e todas as opini\u00f5es expostas ser\u00e3o devidamente analisadas e, se for o caso, encaminhadas aos \u00f3rg\u00e3os competentes para o devido retorno\u201d, frisou a prefeita.<\/p>\n<p style=\"text-align: justify;\">Os moradores de Carm\u00f3polis tamb\u00e9m poder\u00e3o \u2018seguir\u2019 a gestora atrav\u00e9s do seu perfil no twitter, atrav\u00e9s do endere\u00e7o: @Esmeralda _PT.<\/p>\n<p style=\"text-align: justify;\"><em><strong>T. Dantas Comunica\u00e7\u00e3o<\/strong><\/em><\/p>\n","protected":false},"excerpt":{"rendered":"<p>&nbsp; Um espa\u00e7o para sugest\u00f5es, reivindica\u00e7\u00f5es e cr\u00edticas. Com esse objetivo, a prefeita de Carm\u00f3polis, Esmeralda Cruz (PT), criou uma linha direta com a popula\u00e7\u00e3o do munic\u00edpio, atrav\u00e9s do site institucional da administra\u00e7\u00e3o: www.carmopolis.se.gov.br. Neste endere\u00e7o, o link \u2018Fale com a prefeita\u2019 est\u00e1 dispon\u00edvel para que qualquer pessoa possa dar sua opini\u00e3o sobre assuntos de [&hellip;]<\/p>\n","protected":false},"author":1,"featured_media":44965,"comment_status":"closed","ping_status":"closed","sticky":false,"template":"","format":"standard","meta":{"footnotes":""},"categories":[6,1],"tags":[],"class_list":{"0":"post-44963","1":"post","2":"type-post","3":"status-publish","4":"format-standard","5":"has-post-thumbnail","7":"category-politica","8":"category-sem-categoria"},"_links":{"self":[{"href":"https:\/\/senoticias.com.br\/se\/wp-json\/wp\/v2\/posts\/44963"}],"collection":[{"href":"https:\/\/senoticias.com.br\/se\/wp-json\/wp\/v2\/posts"}],"about":[{"href":"https:\/\/senoticias.com.br\/se\/wp-json\/wp\/v2\/types\/post"}],"author":[{"embeddable":true,"href":"https:\/\/senoticias.com.br\/se\/wp-json\/wp\/v2\/users\/1"}],"replies":[{"embeddable":true,"href":"https:\/\/senoticias.com.br\/se\/wp-json\/wp\/v2\/comments?post=44963"}],"version-history":[{"count":0,"href":"https:\/\/senoticias.com.br\/se\/wp-json\/wp\/v2\/posts\/44963\/revisions"}],"wp:featuredmedia":[{"embeddable":true,"href":"https:\/\/senoticias.com.br\/se\/wp-json\/wp\/v2\/media\/44965"}],"wp:attachment":[{"href":"https:\/\/senoticias.com.br\/se\/wp-json\/wp\/v2\/media?parent=44963"}],"wp:term":[{"taxonomy":"category","embeddable":true,"href":"https:\/\/senoticias.com.br\/se\/wp-json\/wp\/v2\/categories?post=44963"},{"taxonomy":"post_tag","embeddable":true,"href":"https:\/\/senoticias.com.br\/se\/wp-json\/wp\/v2\/tags?post=44963"}],"curies":[{"name":"wp","href":"https:\/\/api.w.org\/{rel}","templated":true}]}}