{"id":44955,"date":"2013-02-28T06:53:02","date_gmt":"2013-02-28T09:53:02","guid":{"rendered":"http:\/\/senoticias.com.br\/se\/?p=44955"},"modified":"2013-03-01T11:11:21","modified_gmt":"2013-03-01T14:11:21","slug":"casal-e-preso-por-oferecer-filha-para-abusos-sexuais-por-5-reais","status":"publish","type":"post","link":"https:\/\/senoticias.com.br\/se\/casal-e-preso-por-oferecer-filha-para-abusos-sexuais-por-5-reais\/","title":{"rendered":"Casal \u00e9 preso por oferecer filha para abusos sexuais por 5 reais"},"content":{"rendered":"<div id=\"attachment_44962\" style=\"width: 310px\" class=\"wp-caption alignleft\"><a href=\"http:\/\/senoticias.com.br\/se\/wp-content\/uploads\/2013\/02\/presos2.jpg\"><img loading=\"lazy\" decoding=\"async\" aria-describedby=\"caption-attachment-44962\" class=\"size-medium wp-image-44962\" title=\"presos\" src=\"http:\/\/senoticias.com.br\/se\/wp-content\/uploads\/2013\/02\/presos2-300x250.jpg\" alt=\"\" width=\"300\" height=\"250\" srcset=\"https:\/\/senoticias.com.br\/se\/wp-content\/uploads\/2013\/02\/presos2-300x250.jpg 300w, https:\/\/senoticias.com.br\/se\/wp-content\/uploads\/2013\/02\/presos2-342x285.jpg 342w, https:\/\/senoticias.com.br\/se\/wp-content\/uploads\/2013\/02\/presos2.jpg 500w\" sizes=\"(max-width: 300px) 100vw, 300px\" \/><\/a><p id=\"caption-attachment-44962\" class=\"wp-caption-text\">Jos\u00e9 Bezerra dos Santos, Jos\u00e9 Orlando dos Santos e Joelma Silva Santos | Foto: PC\/SE<\/p><\/div>\n<p style=\"text-align: justify;\">A Pol\u00edcia Civil da cidade de Propri\u00e1, sob a coordena\u00e7\u00e3o dos delegados F\u00e1bio Santana e Cledson Ferreira, prendeu na tarde desta ter\u00e7a-feira, 26, tr\u00eas pessoas envolvidas com um crime de estupro de vulner\u00e1vel.<\/p>\n<p style=\"text-align: justify;\">O que chamou a aten\u00e7\u00e3o da pol\u00edcia foi a participa\u00e7\u00e3o dos pais da crian\u00e7a Jos\u00e9 Orlando dos Santos e Joelma Silva Santos. Segundo a pol\u00edcia, eles permitia que Jos\u00e9 Bezerra dos Santos conhecido, 51 anos, vulgo &#8220;Z\u00e9&#8221;, levasse a v\u00edtima para a pr\u00e1tica dos abusos.<\/p>\n<p style=\"text-align: justify;\">&#8220;Recebemos a den\u00fancia, via Conselho Tutelar, que corriqueiramente o Jos\u00e9 Bezerra pegava uma crian\u00e7a na casa dos pais e a levava para praticar atos sexuais em sua resid\u00eancia e por vezes em um local conhecido por &#8216;Dreno&#8217;, tudo isto com a anu\u00eancia dos pais da menor que recebiam dinheiro em troca do consentimento&#8221;, explicou o delegado.<\/p>\n<p style=\"text-align: justify;\">No momento da den\u00fancia os policiais foram avisados que no exato momento o acusado havia pego a menor na casa de seus pais e a levou para o &#8220;Dreno&#8221;, esp\u00e9cie de c\u00f3rrego utilizado para irriga\u00e7\u00e3o, localizado no Conjunto Maria do Carmo.<\/p>\n<p style=\"text-align: justify;\">&#8220;Nos deslocamos at\u00e9 o local juntamente com duas conselheiras e l\u00e1 chegando presenciamos o indiv\u00edduo conhecido por &#8216;Z\u00e9&#8217; bem pr\u00f3ximo da menor que estava usando apenas um short, sem calcinha e com o z\u00edper aberto. Percebemos que ela quando notou a nossa presen\u00e7a tentou fechar o short rapidamente&#8221;, explicou Santana.<\/p>\n<p style=\"text-align: justify;\">O acusado foi detido e encaminhado para a Delegacia Regional de Propri\u00e1 e a menor para o Conselho Tutelar. &#8220;Pedimos aux\u00edlio da psic\u00f3loga do CRAS que se dirigiu ao local e ap\u00f3s uma longa conversa com a menor, nos informou que esta lhe disse que constantemente era abusada pelo acusado com a anu\u00eancia de seus pais que recebiam dinheiro&#8221;, destacou o delegado.<\/p>\n<p style=\"text-align: justify;\">Logo ap\u00f3s a pris\u00e3o do acusado a pol\u00edcia prendeu os pais da menor ap\u00f3s a confirma\u00e7\u00e3o por outra filha do casal que disse que o fato acontecia constantemente com o aval dos pais que recebiam dinheiro. &#8220;Ela ainda disse que seus pais tentaram sem sucesso fazer o mesmo com ela lhe oferecendo para Jos\u00e9 Bezerra. E que seu pai \u00e9 viciado em crack, usando a droga na frente dos filhos&#8221;, salientou F\u00e1bio Santana.<\/p>\n<p style=\"text-align: justify;\">A menor confidenciou a pol\u00edcia que h\u00e1 muito tempo vinha ocorrendo o abuso sexual e que &#8220;Z\u00e9&#8221; acariciava seu corpo por inteiro inclusive seus org\u00e3os genitais e a obrigava acariciar seu p\u00eanis, como tamb\u00e9m introduzia o dedo em sua vagina. Ela afirmou, ainda, que o acusado praticou os mesmos atos mediante o pagamento de R$ 5,00.<\/p>\n<p style=\"text-align: justify;\">Todos os envolvidos foram presos em flagrante delito e responder\u00e3o pelo crime de estupro de vulner\u00e1vel.<\/p>\n<p><strong>SSP\/SE<\/strong><\/p>\n","protected":false},"excerpt":{"rendered":"<p>A Pol\u00edcia Civil da cidade de Propri\u00e1, sob a coordena\u00e7\u00e3o dos delegados F\u00e1bio Santana e Cledson Ferreira, prendeu na tarde desta ter\u00e7a-feira, 26, tr\u00eas pessoas envolvidas com um crime de estupro de vulner\u00e1vel. O que chamou a aten\u00e7\u00e3o da pol\u00edcia foi a participa\u00e7\u00e3o dos pais da crian\u00e7a Jos\u00e9 Orlando dos Santos e Joelma Silva Santos. [&hellip;]<\/p>\n","protected":false},"author":1,"featured_media":44962,"comment_status":"closed","ping_status":"closed","sticky":false,"template":"","format":"standard","meta":{"footnotes":""},"categories":[7],"tags":[],"class_list":{"0":"post-44955","1":"post","2":"type-post","3":"status-publish","4":"format-standard","5":"has-post-thumbnail","7":"category-policia"},"_links":{"self":[{"href":"https:\/\/senoticias.com.br\/se\/wp-json\/wp\/v2\/posts\/44955"}],"collection":[{"href":"https:\/\/senoticias.com.br\/se\/wp-json\/wp\/v2\/posts"}],"about":[{"href":"https:\/\/senoticias.com.br\/se\/wp-json\/wp\/v2\/types\/post"}],"author":[{"embeddable":true,"href":"https:\/\/senoticias.com.br\/se\/wp-json\/wp\/v2\/users\/1"}],"replies":[{"embeddable":true,"href":"https:\/\/senoticias.com.br\/se\/wp-json\/wp\/v2\/comments?post=44955"}],"version-history":[{"count":0,"href":"https:\/\/senoticias.com.br\/se\/wp-json\/wp\/v2\/posts\/44955\/revisions"}],"wp:featuredmedia":[{"embeddable":true,"href":"https:\/\/senoticias.com.br\/se\/wp-json\/wp\/v2\/media\/44962"}],"wp:attachment":[{"href":"https:\/\/senoticias.com.br\/se\/wp-json\/wp\/v2\/media?parent=44955"}],"wp:term":[{"taxonomy":"category","embeddable":true,"href":"https:\/\/senoticias.com.br\/se\/wp-json\/wp\/v2\/categories?post=44955"},{"taxonomy":"post_tag","embeddable":true,"href":"https:\/\/senoticias.com.br\/se\/wp-json\/wp\/v2\/tags?post=44955"}],"curies":[{"name":"wp","href":"https:\/\/api.w.org\/{rel}","templated":true}]}}