{"id":44952,"date":"2013-02-28T06:45:13","date_gmt":"2013-02-28T09:45:13","guid":{"rendered":"http:\/\/senoticias.com.br\/se\/?p=44952"},"modified":"2013-02-28T18:34:22","modified_gmt":"2013-02-28T21:34:22","slug":"sindicalista-ve-%e2%80%9csede-de-poder%e2%80%9d-em-petista-que-quer-acordo-com-joao-alves","status":"publish","type":"post","link":"https:\/\/senoticias.com.br\/se\/sindicalista-ve-%e2%80%9csede-de-poder%e2%80%9d-em-petista-que-quer-acordo-com-joao-alves\/","title":{"rendered":"Sindicalista v\u00ea \u201csede de poder\u201d em petista que quer acordo com Jo\u00e3o Alves"},"content":{"rendered":"<p><em><span style=\"color: #333333;\"><strong><a href=\"  http:\/\/universopolitico.com.br\/exibir.php?noticia=16388&amp;u=sindicalista-v-sede-de-poder-em-petista-que-quer-acordo-com-joao-alves\" target=\"_blank\">Por Joedson Telles\/Universo pol\u00edtico<\/a><\/strong><\/span><\/em><\/p>\n<p><span style=\"color: #333333;\"><strong>\u201cEspero que o pragmatismo pol\u00edtico, a vontade de estar no poder n\u00e3o chegue a tanto\u201d, diz Joel Almeida<\/strong><\/span><\/p>\n<div id=\"attachment_44953\" style=\"width: 210px\" class=\"wp-caption alignleft\"><a href=\"http:\/\/senoticias.com.br\/se\/wp-content\/uploads\/2013\/02\/Jo\u00e3o.jpg\"><img loading=\"lazy\" decoding=\"async\" aria-describedby=\"caption-attachment-44953\" class=\"size-medium wp-image-44953\" title=\"Jo\u00e3o\" src=\"http:\/\/senoticias.com.br\/se\/wp-content\/uploads\/2013\/02\/Jo\u00e3o-200x300.jpg\" alt=\"\" width=\"200\" height=\"300\" srcset=\"https:\/\/senoticias.com.br\/se\/wp-content\/uploads\/2013\/02\/Jo\u00e3o-200x300.jpg 200w, https:\/\/senoticias.com.br\/se\/wp-content\/uploads\/2013\/02\/Jo\u00e3o.jpg 270w\" sizes=\"(max-width: 200px) 100vw, 200px\" \/><\/a><p id=\"caption-attachment-44953\" class=\"wp-caption-text\">Jo\u00e3o Alves: dividindo \u00e1guas no PT.(Foto: Divul\u00e7a\u00e3o)<\/p><\/div>\n<p style=\"text-align: justify;\">O sindicalista petista Joel Almeida, ex-presidente e atual diretor do Sintese, recha\u00e7a veementemente uma poss\u00edvel alian\u00e7a entre o Partido dos Trabalhadores e o Democratas. Ligado \u00e0 deputada estadual Ana L\u00facia e ao vereador Iran Barbosa, que s\u00e3o da corrente petista Articula\u00e7\u00e3o de Esquerda, professor Joel Almeida definiu como \u201csede de poder\u201d declara\u00e7\u00f5es de outros petistas que n\u00e3o enxergam problema em ter Jo\u00e3o Alves, e por tabela, a senadora Maria do Carmo e o deputado Mendon\u00e7a Prado (todos do antigo PFL) e o tucano Jos\u00e9 Carlos Machado no palanque do candidato ao governo do Estado, em 2014, do agrupamento do governador Marcelo D\u00e9da (PT).<\/p>\n<p style=\"text-align: justify;\">\u201cEspero que o pragmatismo pol\u00edtico n\u00e3o chegue a tanto. Para n\u00f3s, Jo\u00e3o Alves \u00e9 um opositor hist\u00f3rico ideol\u00f3gico. A gente espera que a sede de poder, a vontade de poder n\u00e3o venha a fazer com que se tenha uma alian\u00e7a deste tipo. Nosso grupo pol\u00edtico vai reagir com muita for\u00e7a em rela\u00e7\u00e3o a isso. N\u00e3o s\u00f3 a Jo\u00e3o: como a gente reagiu a Amorim, vamos reagir a Jo\u00e3o. Sempre. A primeira a\u00e7\u00e3o de Jo\u00e3o efetiva quando assumiu a Prefeitura de Aracaju foi acabar a gest\u00e3o democr\u00e1tica. Uma luta t\u00e3o grande. Ou seja, Jo\u00e3o Alves, ideologicamente, tem posi\u00e7\u00f5es contr\u00e1rias a posi\u00e7\u00f5es hist\u00f3ricas do PT. Espero que o pragmatismo pol\u00edtico, a vontade de estar no poder n\u00e3o chegue a tanto. Vamos debater profundamente para que isso n\u00e3o aconte\u00e7a\u201d, prometeu o sindicalista.<\/p>\n<p style=\"text-align: justify;\">Provocado sobre as declara\u00e7\u00f5es da deputada petista estadual Concei\u00e7\u00e3o Vieira, que disse ao Universo, esta semana, que se Jo\u00e3o Alves chegar para se somar ao projeto do PT deve ser acolhido, Joel Almeida afirmou que o Partido dos Trabalhadores chegou ao governo com o objetivo de fazer a transformar a sociedade, mas se n\u00e3o conseguiu n\u00e3o deve retroceder. \u201cSe o governo de D\u00e9da n\u00e3o conseguiu fazer isso, tinha que se trabalhar para vir outro governo com essa iniciativa. No processo de transi\u00e7\u00e3o. Tem que aprofundar as mudan\u00e7as como o governo Dilma. Mas fazer alian\u00e7a com que ficou tanto tempo no poder e n\u00e3o fez as mudan\u00e7as necess\u00e1rias \u00e9 retrocesso. A gente precisa caminhar para avan\u00e7ar, e n\u00e3o para retroceder\u201d, assegurou.<\/p>\n<p style=\"text-align: justify;\">\n","protected":false},"excerpt":{"rendered":"<p>Por Joedson Telles\/Universo pol\u00edtico \u201cEspero que o pragmatismo pol\u00edtico, a vontade de estar no poder n\u00e3o chegue a tanto\u201d, diz Joel Almeida O sindicalista petista Joel Almeida, ex-presidente e atual diretor do Sintese, recha\u00e7a veementemente uma poss\u00edvel alian\u00e7a entre o Partido dos Trabalhadores e o Democratas. Ligado \u00e0 deputada estadual Ana L\u00facia e ao vereador [&hellip;]<\/p>\n","protected":false},"author":1,"featured_media":44953,"comment_status":"closed","ping_status":"closed","sticky":false,"template":"","format":"standard","meta":{"footnotes":""},"categories":[6],"tags":[],"class_list":{"0":"post-44952","1":"post","2":"type-post","3":"status-publish","4":"format-standard","5":"has-post-thumbnail","7":"category-politica"},"_links":{"self":[{"href":"https:\/\/senoticias.com.br\/se\/wp-json\/wp\/v2\/posts\/44952"}],"collection":[{"href":"https:\/\/senoticias.com.br\/se\/wp-json\/wp\/v2\/posts"}],"about":[{"href":"https:\/\/senoticias.com.br\/se\/wp-json\/wp\/v2\/types\/post"}],"author":[{"embeddable":true,"href":"https:\/\/senoticias.com.br\/se\/wp-json\/wp\/v2\/users\/1"}],"replies":[{"embeddable":true,"href":"https:\/\/senoticias.com.br\/se\/wp-json\/wp\/v2\/comments?post=44952"}],"version-history":[{"count":0,"href":"https:\/\/senoticias.com.br\/se\/wp-json\/wp\/v2\/posts\/44952\/revisions"}],"wp:featuredmedia":[{"embeddable":true,"href":"https:\/\/senoticias.com.br\/se\/wp-json\/wp\/v2\/media\/44953"}],"wp:attachment":[{"href":"https:\/\/senoticias.com.br\/se\/wp-json\/wp\/v2\/media?parent=44952"}],"wp:term":[{"taxonomy":"category","embeddable":true,"href":"https:\/\/senoticias.com.br\/se\/wp-json\/wp\/v2\/categories?post=44952"},{"taxonomy":"post_tag","embeddable":true,"href":"https:\/\/senoticias.com.br\/se\/wp-json\/wp\/v2\/tags?post=44952"}],"curies":[{"name":"wp","href":"https:\/\/api.w.org\/{rel}","templated":true}]}}