{"id":44784,"date":"2013-02-25T06:48:46","date_gmt":"2013-02-25T09:48:46","guid":{"rendered":"http:\/\/senoticias.com.br\/se\/?p=44784"},"modified":"2013-02-25T10:36:37","modified_gmt":"2013-02-25T13:36:37","slug":"fora-renan-chega-as-areias-de-copacabana","status":"publish","type":"post","link":"https:\/\/senoticias.com.br\/se\/fora-renan-chega-as-areias-de-copacabana\/","title":{"rendered":"&#8220;Fora, Renan&#8221; chega \u00e0s areias de Copacabana"},"content":{"rendered":"<p><span style=\"color: #333333;\"><em><strong>Isabela Vieira \/ Rep\u00f3rter da Ag\u00eancia Brasil<\/strong><\/em><\/span><\/p>\n<p>&nbsp;<\/p>\n<div id=\"attachment_44802\" style=\"width: 310px\" class=\"wp-caption alignleft\"><a href=\"http:\/\/senoticias.com.br\/se\/wp-content\/uploads\/2013\/02\/fora.jpg\"><img loading=\"lazy\" decoding=\"async\" aria-describedby=\"caption-attachment-44802\" class=\"size-medium wp-image-44802\" title=\"fora\" src=\"http:\/\/senoticias.com.br\/se\/wp-content\/uploads\/2013\/02\/fora-300x225.jpg\" alt=\"\" width=\"300\" height=\"225\" srcset=\"https:\/\/senoticias.com.br\/se\/wp-content\/uploads\/2013\/02\/fora-300x225.jpg 300w, https:\/\/senoticias.com.br\/se\/wp-content\/uploads\/2013\/02\/fora-342x256.jpg 342w, https:\/\/senoticias.com.br\/se\/wp-content\/uploads\/2013\/02\/fora-60x45.jpg 60w, https:\/\/senoticias.com.br\/se\/wp-content\/uploads\/2013\/02\/fora-150x113.jpg 150w, https:\/\/senoticias.com.br\/se\/wp-content\/uploads\/2013\/02\/fora-269x201.jpg 269w, https:\/\/senoticias.com.br\/se\/wp-content\/uploads\/2013\/02\/fora.jpg 480w\" sizes=\"(max-width: 300px) 100vw, 300px\" \/><\/a><p id=\"caption-attachment-44802\" class=\"wp-caption-text\">Faltaram manifestantes hoje, no Rio, para segurar as faixas de protesto contra Renan Calheiros. (Foto: Divulga\u00e7\u00e3o\/Ant\u00f4nio Carlos Costa).<\/p><\/div>\n<p style=\"text-align: justify;\">Carregando faixas com os dizeres Choque de ordem no Senado, Fora Renan e Chega de Corrup\u00e7\u00e3o, os manifestantes chamaram aten\u00e7\u00e3o de quem passava pela orla; de acordo com a pr\u00f3pria organiza\u00e7\u00e3o, eram cerca de 100 pessoas no protesto<\/p>\n<p style=\"text-align: justify;\">Sob um calor de mais de 30\u00ba, dezenas de pessoas caminharam hoje (24) na orla de Copacabana, zona sul da capital fluminense, pedindo a ren\u00fancia do presidente do Senado, Renan Calheiros (PMDB). Com faixas, cartazes e gritos de ordem, foram at\u00e9 o Leme, recebendo apoio dos banhistas.<\/p>\n<p style=\"text-align: justify;\">O protesto foi organizado por meio de uma p\u00e1gina de relacionamentos na internet, e acontece simultaneamente em mais de 30 cidades, incluindo as capitais Bras\u00edlia, Bel\u00e9m, Vit\u00f3ria, Florian\u00f3polis e Macei\u00f3. Em Alagoas, estado que elegeu o pol\u00edtico para o Senado, mais de duas mil pessoas confirmaram presen\u00e7a.<\/p>\n<p style=\"text-align: justify;\">De acordo com uma das organizadoras do ato no Rio, a assistente social Maria Abreu de Oliveira, de 40 anos, as pessoas precisam &#8220;ir as ruas como no impeachment do ex-presidente da Rep\u00fablica Fernando Collor de Mello&#8221;, em 1992.<\/p>\n<p style=\"text-align: justify;\">&#8220;N\u00e3o achamos justa a forma que esse senhor assumiu o Senado, \u00e9 hora de tomar as ruas, pintar a cara e mostrar nossa indigna\u00e7\u00e3o&#8221;, disse Maria Abreu. &#8220;O brasileiro, por causa da repress\u00e3o, n\u00e3o tem o costume de ir \u00e0s ruas, mas \u00e9 preciso resgatar o velho jeito de protestar e sair da internet&#8221;, completou.<\/p>\n<p style=\"text-align: justify;\">Carregando faixas com os dizeres Choque de ordem no Senado, Fora Renan e Chega de Corrup\u00e7\u00e3o, os manifestantes chamaram aten\u00e7\u00e3o de quem passava pela orla. &#8220;Temos uma peti\u00e7\u00e3o assinada por milhares de pessoas. Isso n\u00e3o pode passar em branco, \u00e9 a vontade do povo&#8221;, disse a estudante J\u00falia Marques, de 24 anos.<\/p>\n<p style=\"text-align: justify;\">A moradora de Copacabana, Juliana dos Santos Silva, de 23 anos, que n\u00e3o sabia do protesto, se juntou ao grupo. &#8220;Esse Congresso todo \u00e9 uma vergonha&#8221;, disse ao refor\u00e7ar o coro dos manifestantes. Outros pediram para que o senador &#8220;fa\u00e7a como o Papa (Bento 16)&#8221; e renuncie ao cargo.<\/p>\n<p style=\"text-align: justify;\">A Guarda Municipal n\u00e3o estimou o n\u00famero de participantes. Segundo a organiza\u00e7\u00e3o, eles somavam cerca de 100 pessoas. Para Fabr\u00edcio Silva, estudante de 29 anos, o fechamento das esta\u00e7\u00f5es do metr\u00f4 mais pr\u00f3ximas a concentra\u00e7\u00e3o, para obras, atrapalhou o acesso de muitos manifestantes. A pr\u00f3xima manifesta\u00e7\u00e3o pela ren\u00fancia do presidente do Senado, segundo ele, ser\u00e1 em abril e j\u00e1 foi batizada como o dia do &#8220;Basta&#8221;, contra a corrup\u00e7\u00e3o.<\/p>\n","protected":false},"excerpt":{"rendered":"<p>Isabela Vieira \/ Rep\u00f3rter da Ag\u00eancia Brasil &nbsp; Carregando faixas com os dizeres Choque de ordem no Senado, Fora Renan e Chega de Corrup\u00e7\u00e3o, os manifestantes chamaram aten\u00e7\u00e3o de quem passava pela orla; de acordo com a pr\u00f3pria organiza\u00e7\u00e3o, eram cerca de 100 pessoas no protesto Sob um calor de mais de 30\u00ba, dezenas de [&hellip;]<\/p>\n","protected":false},"author":1,"featured_media":44802,"comment_status":"closed","ping_status":"closed","sticky":false,"template":"","format":"standard","meta":{"footnotes":""},"categories":[6],"tags":[],"class_list":{"0":"post-44784","1":"post","2":"type-post","3":"status-publish","4":"format-standard","5":"has-post-thumbnail","7":"category-politica"},"_links":{"self":[{"href":"https:\/\/senoticias.com.br\/se\/wp-json\/wp\/v2\/posts\/44784"}],"collection":[{"href":"https:\/\/senoticias.com.br\/se\/wp-json\/wp\/v2\/posts"}],"about":[{"href":"https:\/\/senoticias.com.br\/se\/wp-json\/wp\/v2\/types\/post"}],"author":[{"embeddable":true,"href":"https:\/\/senoticias.com.br\/se\/wp-json\/wp\/v2\/users\/1"}],"replies":[{"embeddable":true,"href":"https:\/\/senoticias.com.br\/se\/wp-json\/wp\/v2\/comments?post=44784"}],"version-history":[{"count":0,"href":"https:\/\/senoticias.com.br\/se\/wp-json\/wp\/v2\/posts\/44784\/revisions"}],"wp:featuredmedia":[{"embeddable":true,"href":"https:\/\/senoticias.com.br\/se\/wp-json\/wp\/v2\/media\/44802"}],"wp:attachment":[{"href":"https:\/\/senoticias.com.br\/se\/wp-json\/wp\/v2\/media?parent=44784"}],"wp:term":[{"taxonomy":"category","embeddable":true,"href":"https:\/\/senoticias.com.br\/se\/wp-json\/wp\/v2\/categories?post=44784"},{"taxonomy":"post_tag","embeddable":true,"href":"https:\/\/senoticias.com.br\/se\/wp-json\/wp\/v2\/tags?post=44784"}],"curies":[{"name":"wp","href":"https:\/\/api.w.org\/{rel}","templated":true}]}}