{"id":44781,"date":"2013-02-25T06:05:37","date_gmt":"2013-02-25T09:05:37","guid":{"rendered":"http:\/\/senoticias.com.br\/se\/?p=44781"},"modified":"2013-02-26T07:40:20","modified_gmt":"2013-02-26T10:40:20","slug":"evento-na-orla-por-do-sol-inicia-comemoracoes-do-aniversario-da-cidade","status":"publish","type":"post","link":"https:\/\/senoticias.com.br\/se\/evento-na-orla-por-do-sol-inicia-comemoracoes-do-aniversario-da-cidade\/","title":{"rendered":"Evento na Orla P\u00f4r do Sol inicia comemora\u00e7\u00f5es do Anivers\u00e1rio da Cidade"},"content":{"rendered":"<div id=\"attachment_44782\" style=\"width: 310px\" class=\"wp-caption alignleft\"><a href=\"http:\/\/senoticias.com.br\/se\/wp-content\/uploads\/2013\/02\/andre_lelis_foto_andre_moreira_87.jpg\"><img loading=\"lazy\" decoding=\"async\" aria-describedby=\"caption-attachment-44782\" class=\"size-medium wp-image-44782\" title=\"\" src=\"http:\/\/senoticias.com.br\/se\/wp-content\/uploads\/2013\/02\/andre_lelis_foto_andre_moreira_87-300x200.jpg\" alt=\"\" width=\"300\" height=\"200\" srcset=\"https:\/\/senoticias.com.br\/se\/wp-content\/uploads\/2013\/02\/andre_lelis_foto_andre_moreira_87-300x200.jpg 300w, https:\/\/senoticias.com.br\/se\/wp-content\/uploads\/2013\/02\/andre_lelis_foto_andre_moreira_87-342x227.jpg 342w, https:\/\/senoticias.com.br\/se\/wp-content\/uploads\/2013\/02\/andre_lelis_foto_andre_moreira_87.jpg 600w\" sizes=\"(max-width: 300px) 100vw, 300px\" \/><\/a><p id=\"caption-attachment-44782\" class=\"wp-caption-text\">Evento na Orla P\u00f4r do Sol inicia comemora\u00e7\u00f5es do Anivers\u00e1rio de Aracaju. (Fotos: Andr\u00e9 Moreira)<\/p><\/div>\n<p style=\"text-align: justify;\">A Secretaria Municipal da Juventude e do Esporte (Sejesp), juntamente com a Funda\u00e7\u00e3o Municipal de Cultura e Turismo (Funcaju), promoveram neste s\u00e1bado, 23, eventos que marcam o das comemora\u00e7\u00f5es do anivers\u00e1rio de Aracaju.<\/p>\n<p style=\"text-align: justify;\">O Speed Day, em sua primeira edi\u00e7\u00e3o, \u00e9 um evento que tem apoio da Prefeitura Municipal de Aracaju (PMA), e foi realizado na Orla P\u00f4r do Sol, situada no Mosqueiro, onde ocorreram competi\u00e7\u00f5es n\u00e1uticas durante todo o dia. V\u00e1rias lanchas, barcos e jet skis deram um show sobre as \u00e1guas do rio Vaza Barris. A seguran\u00e7a no local foi garantida pela Pol\u00edcia Militar (PM), com dois helic\u00f3pteros, e a Marinha, que esteve presente fiscalizando as embarca\u00e7\u00f5es e o bar flutuante.<\/p>\n<p style=\"text-align: justify;\">O futuro secret\u00e1rio de Cultura, Josenito Vitale (Nitinho), relatou que esse evento \u00e9 o pontap\u00e9 inicial para os festejos do anivers\u00e1rio da capital. &#8220;Essa \u00e9 a primeira festa que estamos realizando para entrar no calend\u00e1rio tur\u00edstico do munic\u00edpio de Aracaju. J\u00e1 venho idealizando essa festa h\u00e1 muitos anos, mas s\u00f3 agora pude realiz\u00e1-la, foi a mesma coisa com o Carna Caju, que eu j\u00e1 tinha a ideia e precisava apenas da oportunidade, que me foi dada pelo prefeito Jo\u00e3o Alves Filho&#8221;, destacou.<\/p>\n<p style=\"text-align: justify;\">Nitinho ressaltou a participa\u00e7\u00e3o da Sejesp para que o Speed Day acontecesse, e que o secret\u00e1rio municipal da Juventude e do Esporte, Carlos Eloy, \u00e9 um grande parceiro dos eventos que acontecem na capital sergipana.<\/p>\n<p style=\"text-align: justify;\">&#8220;Carlos Eloy est\u00e1 presente em todos os eventos, sempre nos apoiando e contribuindo para que nossa capital fa\u00e7a a diferen\u00e7a. Daqui a um m\u00eas, dois meses, faremos uma Rua da Cultura diferente, onde o esporte estar\u00e1 inserido nela tamb\u00e9m. N\u00f3s somos irm\u00e3os siameses, a cultura e o esporte, e futuramente o turismo&#8221;, finalizou Nitinho.<\/p>\n<p style=\"text-align: justify;\">Encerrando o evento, o cantor baiano Andr\u00e9 Lelis fez um show na Orla P\u00f4r do Sol, onde gravou um novo DVD. &#8220;\u00c9 uma experi\u00eancia muito nova, pois \u00e9 a primeira vez que eu toco assim para um p\u00fablico que est\u00e1 nas lanchas, nos barcos, nas balsas. \u00c9 uma iniciativa in\u00e9dita da Prefeitura de Aracaju, e eu como bom sergipano de cora\u00e7\u00e3o que me tornei, fico feliz de poder ter essa oportunidade de estar prestigiando essa terra que eu amo. Com certeza \u00e9 um evento \u00fanico dos que eu j\u00e1 participei no Brasil&#8221;, enfatizou.<\/p>\n<p style=\"text-align: justify;\"><strong>Ag\u00eancia Aracaju de Not\u00edcias<\/strong><\/p>\n","protected":false},"excerpt":{"rendered":"<p>A Secretaria Municipal da Juventude e do Esporte (Sejesp), juntamente com a Funda\u00e7\u00e3o Municipal de Cultura e Turismo (Funcaju), promoveram neste s\u00e1bado, 23, eventos que marcam o das comemora\u00e7\u00f5es do anivers\u00e1rio de Aracaju. O Speed Day, em sua primeira edi\u00e7\u00e3o, \u00e9 um evento que tem apoio da Prefeitura Municipal de Aracaju (PMA), e foi realizado [&hellip;]<\/p>\n","protected":false},"author":1,"featured_media":44782,"comment_status":"closed","ping_status":"closed","sticky":false,"template":"","format":"standard","meta":{"footnotes":""},"categories":[6],"tags":[],"class_list":{"0":"post-44781","1":"post","2":"type-post","3":"status-publish","4":"format-standard","5":"has-post-thumbnail","7":"category-politica"},"_links":{"self":[{"href":"https:\/\/senoticias.com.br\/se\/wp-json\/wp\/v2\/posts\/44781"}],"collection":[{"href":"https:\/\/senoticias.com.br\/se\/wp-json\/wp\/v2\/posts"}],"about":[{"href":"https:\/\/senoticias.com.br\/se\/wp-json\/wp\/v2\/types\/post"}],"author":[{"embeddable":true,"href":"https:\/\/senoticias.com.br\/se\/wp-json\/wp\/v2\/users\/1"}],"replies":[{"embeddable":true,"href":"https:\/\/senoticias.com.br\/se\/wp-json\/wp\/v2\/comments?post=44781"}],"version-history":[{"count":0,"href":"https:\/\/senoticias.com.br\/se\/wp-json\/wp\/v2\/posts\/44781\/revisions"}],"wp:featuredmedia":[{"embeddable":true,"href":"https:\/\/senoticias.com.br\/se\/wp-json\/wp\/v2\/media\/44782"}],"wp:attachment":[{"href":"https:\/\/senoticias.com.br\/se\/wp-json\/wp\/v2\/media?parent=44781"}],"wp:term":[{"taxonomy":"category","embeddable":true,"href":"https:\/\/senoticias.com.br\/se\/wp-json\/wp\/v2\/categories?post=44781"},{"taxonomy":"post_tag","embeddable":true,"href":"https:\/\/senoticias.com.br\/se\/wp-json\/wp\/v2\/tags?post=44781"}],"curies":[{"name":"wp","href":"https:\/\/api.w.org\/{rel}","templated":true}]}}