{"id":44775,"date":"2013-02-24T12:30:45","date_gmt":"2013-02-24T15:30:45","guid":{"rendered":"http:\/\/senoticias.com.br\/se\/?p=44775"},"modified":"2013-02-25T23:32:26","modified_gmt":"2013-02-26T02:32:26","slug":"apos-desentendimento-genro-mata-sogro-em-povoado-de-itabaiana","status":"publish","type":"post","link":"https:\/\/senoticias.com.br\/se\/apos-desentendimento-genro-mata-sogro-em-povoado-de-itabaiana\/","title":{"rendered":"Ap\u00f3s desentendimento genro mata sogro em povoado de Itabaiana"},"content":{"rendered":"<p><strong>\u00a0por Gilson de Oliveira &#8211; Itnet<\/strong><\/p>\n<p style=\"text-align: justify;\"><a href=\"http:\/\/senoticias.com.br\/se\/wp-content\/uploads\/2013\/02\/crime_genro_lagamar_p.jpg\"><img loading=\"lazy\" decoding=\"async\" class=\"alignright size-full wp-image-44776\" title=\"\" src=\"http:\/\/senoticias.com.br\/se\/wp-content\/uploads\/2013\/02\/crime_genro_lagamar_p.jpg\" alt=\"\" width=\"293\" height=\"220\" srcset=\"https:\/\/senoticias.com.br\/se\/wp-content\/uploads\/2013\/02\/crime_genro_lagamar_p.jpg 293w, https:\/\/senoticias.com.br\/se\/wp-content\/uploads\/2013\/02\/crime_genro_lagamar_p-60x45.jpg 60w, https:\/\/senoticias.com.br\/se\/wp-content\/uploads\/2013\/02\/crime_genro_lagamar_p-150x113.jpg 150w, https:\/\/senoticias.com.br\/se\/wp-content\/uploads\/2013\/02\/crime_genro_lagamar_p-269x201.jpg 269w\" sizes=\"(max-width: 293px) 100vw, 293px\" \/><\/a>Motivado por uma rixa antiga o senhor Jo\u00e3o Ferreira dos Santos Filho, 52 anos, foi assassinado com um golpe de faca depois de um desentendimento com o genro na noite de s\u00e1bado, dia 23, em sua resid\u00eancia, localizada no povoado Lagamar, zona rural de Itabaiana (SE).<\/p>\n<p style=\"text-align: justify;\">O crime ocorreu por volta das 23 horas ap\u00f3s o suspeito chegar \u00e0 casa do sogro fazendo arrua\u00e7a com uma motocicleta, em seguida os dois discutiram e na sequ\u00eancia o homem foi atingido na cabe\u00e7a com um capacete. Mesmo ca\u00eddo e desacordado, a v\u00edtima ainda foi atingida na garganta com uma faca.<\/p>\n<p style=\"text-align: justify;\">Jo\u00e3o Ferreira era natural do munic\u00edpio de Macambira, no entanto, residia no mesmo povoado onde aconteceu o homic\u00eddio.<\/p>\n<p style=\"text-align: justify;\">Policiais do 3.\u00ba Batalh\u00e3o de Pol\u00edcia Militar (3.\u00ba BPM) foram acionados e de acordo com informa\u00e7\u00f5es passadas por familiares da v\u00edtima, o suspeito pela autoria do crime \u00e9 Genivaldo Cunha dos Santos, 26 anos. Ele \u00e9 morador do conjunto Miguel Pedro de Mendon\u00e7a, no bairro S\u00e3o Crist\u00f3v\u00e3o, periferia de Itabaiana, e estava em liberdade condicional. Ap\u00f3s cometer o assassinato, Genivaldo fugiu levando a arma utilizada para matar o sogro.<\/p>\n<p style=\"text-align: justify;\">Apesar da morte de Jo\u00e3o Ferreira ter ocorrido no per\u00edodo noturno, o corpo s\u00f3 foi removido pelo IML na manh\u00e3 deste domingo, dia 24, inclusive os policiais militares permaneceram no local para resguardar a cena do crime.<\/p>\n<p style=\"text-align: justify;\">\n","protected":false},"excerpt":{"rendered":"<p>\u00a0por Gilson de Oliveira &#8211; Itnet Motivado por uma rixa antiga o senhor Jo\u00e3o Ferreira dos Santos Filho, 52 anos, foi assassinado com um golpe de faca depois de um desentendimento com o genro na noite de s\u00e1bado, dia 23, em sua resid\u00eancia, localizada no povoado Lagamar, zona rural de Itabaiana (SE). O crime ocorreu [&hellip;]<\/p>\n","protected":false},"author":1,"featured_media":44776,"comment_status":"closed","ping_status":"closed","sticky":false,"template":"","format":"standard","meta":{"footnotes":""},"categories":[310,7],"tags":[],"class_list":{"0":"post-44775","1":"post","2":"type-post","3":"status-publish","4":"format-standard","5":"has-post-thumbnail","7":"category-destaques-da-semana","8":"category-policia"},"_links":{"self":[{"href":"https:\/\/senoticias.com.br\/se\/wp-json\/wp\/v2\/posts\/44775"}],"collection":[{"href":"https:\/\/senoticias.com.br\/se\/wp-json\/wp\/v2\/posts"}],"about":[{"href":"https:\/\/senoticias.com.br\/se\/wp-json\/wp\/v2\/types\/post"}],"author":[{"embeddable":true,"href":"https:\/\/senoticias.com.br\/se\/wp-json\/wp\/v2\/users\/1"}],"replies":[{"embeddable":true,"href":"https:\/\/senoticias.com.br\/se\/wp-json\/wp\/v2\/comments?post=44775"}],"version-history":[{"count":0,"href":"https:\/\/senoticias.com.br\/se\/wp-json\/wp\/v2\/posts\/44775\/revisions"}],"wp:featuredmedia":[{"embeddable":true,"href":"https:\/\/senoticias.com.br\/se\/wp-json\/wp\/v2\/media\/44776"}],"wp:attachment":[{"href":"https:\/\/senoticias.com.br\/se\/wp-json\/wp\/v2\/media?parent=44775"}],"wp:term":[{"taxonomy":"category","embeddable":true,"href":"https:\/\/senoticias.com.br\/se\/wp-json\/wp\/v2\/categories?post=44775"},{"taxonomy":"post_tag","embeddable":true,"href":"https:\/\/senoticias.com.br\/se\/wp-json\/wp\/v2\/tags?post=44775"}],"curies":[{"name":"wp","href":"https:\/\/api.w.org\/{rel}","templated":true}]}}