{"id":44762,"date":"2013-02-23T17:35:11","date_gmt":"2013-02-23T20:35:11","guid":{"rendered":"http:\/\/senoticias.com.br\/se\/?p=44762"},"modified":"2013-02-25T15:54:05","modified_gmt":"2013-02-25T18:54:05","slug":"empresario-sergipano-e-executado-com-sete-tiros-em-goias","status":"publish","type":"post","link":"https:\/\/senoticias.com.br\/se\/empresario-sergipano-e-executado-com-sete-tiros-em-goias\/","title":{"rendered":"Empres\u00e1rio sergipano \u00e9 executado com sete tiros em Goi\u00e1s"},"content":{"rendered":"<p><em><span style=\"color: #333333;\"><strong><a href=\" http:\/\/www.gilsondeoliveira.com.br\/Noticia-5782.html\" target=\"_blank\">por Gilson de Oliveira &#8211; Itnet<\/a>\u00a0\/ Mais Goi\u00e1s<\/strong><\/span><\/em><\/p>\n<div id=\"attachment_44764\" style=\"width: 310px\" class=\"wp-caption alignright\"><a href=\"http:\/\/senoticias.com.br\/se\/wp-content\/uploads\/2013\/02\/itabaianense_morto_goias_p.jpg\"><img loading=\"lazy\" decoding=\"async\" aria-describedby=\"caption-attachment-44764\" class=\"size-medium wp-image-44764\" title=\"itabaianense_morto_goias_p\" src=\"http:\/\/senoticias.com.br\/se\/wp-content\/uploads\/2013\/02\/itabaianense_morto_goias_p-300x229.jpg\" alt=\"\" width=\"300\" height=\"229\" srcset=\"https:\/\/senoticias.com.br\/se\/wp-content\/uploads\/2013\/02\/itabaianense_morto_goias_p-300x229.jpg 300w, https:\/\/senoticias.com.br\/se\/wp-content\/uploads\/2013\/02\/itabaianense_morto_goias_p-342x261.jpg 342w, https:\/\/senoticias.com.br\/se\/wp-content\/uploads\/2013\/02\/itabaianense_morto_goias_p-60x45.jpg 60w, https:\/\/senoticias.com.br\/se\/wp-content\/uploads\/2013\/02\/itabaianense_morto_goias_p.jpg 350w\" sizes=\"(max-width: 300px) 100vw, 300px\" \/><\/a><p id=\"caption-attachment-44764\" class=\"wp-caption-text\">Caminhonete Hilux do empres\u00e1rio. (Foto: Alissom David)<\/p><\/div>\n<p style=\"text-align: justify;\">Um empres\u00e1rio de An\u00e1polis foi morto a tiros na BR-060, no local conhecido como trevo do\u00a0T\u00e1tico, no final da tarde de sexta-feira, dia 22.<\/p>\n<p style=\"text-align: justify;\">Segundo informa\u00e7\u00f5es da Pol\u00edcia Rodovi\u00e1ria Federal (PRF), um Honda Civic se emparelhou ao lado da caminhonete Hilux do empres\u00e1rio e o condutor teria disparado cerca de 15 tiros.<\/p>\n<p style=\"text-align: justify;\">Francisco Jardel de Andrade Silva, de 36 anos, foi atingido por sete tiros, sendo tr\u00eas na cabe\u00e7a, dois no abd\u00f4men e dois no pesco\u00e7o. Ele n\u00e3o resistiu aos ferimentos e morreu no local. A v\u00edtima era dono da Transportadora Andrade e tinha passagens pela Pol\u00edcia por Roubo, Furto e\u00a0Recepta\u00e7\u00e3o.<\/p>\n<p style=\"text-align: justify;\"><strong>HIST\u00d3RICO<\/strong><\/p>\n<p style=\"text-align: justify;\">Em 2008, o empres\u00e1rio sofreu um atentado na BR-101. Na \u00e9poca, quatro elementos tentaram execut\u00e1-lo juntamente com tr\u00eas pessoas que estavam com ele no ve\u00edculo. V\u00e1rios disparos foram efetuados, mas ningu\u00e9m ficou ferido.<\/p>\n<p style=\"text-align: justify;\">A v\u00edtima, conhecida como Jardel Funileiro, era natural do munic\u00edpio de Itabaiana, agreste sergipano, e j\u00e1 morava h\u00e1 algum tempo no interior de Goi\u00e1s.<\/p>\n","protected":false},"excerpt":{"rendered":"<p>por Gilson de Oliveira &#8211; Itnet\u00a0\/ Mais Goi\u00e1s Um empres\u00e1rio de An\u00e1polis foi morto a tiros na BR-060, no local conhecido como trevo do\u00a0T\u00e1tico, no final da tarde de sexta-feira, dia 22. Segundo informa\u00e7\u00f5es da Pol\u00edcia Rodovi\u00e1ria Federal (PRF), um Honda Civic se emparelhou ao lado da caminhonete Hilux do empres\u00e1rio e o condutor teria [&hellip;]<\/p>\n","protected":false},"author":1,"featured_media":44764,"comment_status":"closed","ping_status":"closed","sticky":false,"template":"","format":"standard","meta":{"footnotes":""},"categories":[310,7],"tags":[],"class_list":{"0":"post-44762","1":"post","2":"type-post","3":"status-publish","4":"format-standard","5":"has-post-thumbnail","7":"category-destaques-da-semana","8":"category-policia"},"_links":{"self":[{"href":"https:\/\/senoticias.com.br\/se\/wp-json\/wp\/v2\/posts\/44762"}],"collection":[{"href":"https:\/\/senoticias.com.br\/se\/wp-json\/wp\/v2\/posts"}],"about":[{"href":"https:\/\/senoticias.com.br\/se\/wp-json\/wp\/v2\/types\/post"}],"author":[{"embeddable":true,"href":"https:\/\/senoticias.com.br\/se\/wp-json\/wp\/v2\/users\/1"}],"replies":[{"embeddable":true,"href":"https:\/\/senoticias.com.br\/se\/wp-json\/wp\/v2\/comments?post=44762"}],"version-history":[{"count":0,"href":"https:\/\/senoticias.com.br\/se\/wp-json\/wp\/v2\/posts\/44762\/revisions"}],"wp:featuredmedia":[{"embeddable":true,"href":"https:\/\/senoticias.com.br\/se\/wp-json\/wp\/v2\/media\/44764"}],"wp:attachment":[{"href":"https:\/\/senoticias.com.br\/se\/wp-json\/wp\/v2\/media?parent=44762"}],"wp:term":[{"taxonomy":"category","embeddable":true,"href":"https:\/\/senoticias.com.br\/se\/wp-json\/wp\/v2\/categories?post=44762"},{"taxonomy":"post_tag","embeddable":true,"href":"https:\/\/senoticias.com.br\/se\/wp-json\/wp\/v2\/tags?post=44762"}],"curies":[{"name":"wp","href":"https:\/\/api.w.org\/{rel}","templated":true}]}}