{"id":44754,"date":"2013-02-23T16:20:31","date_gmt":"2013-02-23T19:20:31","guid":{"rendered":"http:\/\/senoticias.com.br\/se\/?p=44754"},"modified":"2013-05-18T12:53:23","modified_gmt":"2013-05-18T15:53:23","slug":"flagrante-prefeitura-de-sao-cristovao-retira-faixas-de-protesto-dos-professores","status":"publish","type":"post","link":"https:\/\/senoticias.com.br\/se\/flagrante-prefeitura-de-sao-cristovao-retira-faixas-de-protesto-dos-professores\/","title":{"rendered":"Prefeitura de S\u00e3o Crist\u00f3v\u00e3o retira faixas de protesto dos professores; veja v\u00eddeo"},"content":{"rendered":"<div id=\"attachment_44759\" style=\"width: 310px\" class=\"wp-caption alignright\"><a href=\"http:\/\/senoticias.com.br\/se\/wp-content\/uploads\/2013\/02\/SMTT-S\u00e3o-Crist\u00f3v\u00e3o.jpg\"><img loading=\"lazy\" decoding=\"async\" aria-describedby=\"caption-attachment-44759\" class=\"size-medium wp-image-44759\" title=\"SMTT - S\u00e3o Crist\u00f3v\u00e3o\" src=\"http:\/\/senoticias.com.br\/se\/wp-content\/uploads\/2013\/02\/SMTT-S\u00e3o-Crist\u00f3v\u00e3o-300x225.jpg\" alt=\"\" width=\"300\" height=\"225\" srcset=\"https:\/\/senoticias.com.br\/se\/wp-content\/uploads\/2013\/02\/SMTT-S\u00e3o-Crist\u00f3v\u00e3o-300x225.jpg 300w, https:\/\/senoticias.com.br\/se\/wp-content\/uploads\/2013\/02\/SMTT-S\u00e3o-Crist\u00f3v\u00e3o-342x256.jpg 342w, https:\/\/senoticias.com.br\/se\/wp-content\/uploads\/2013\/02\/SMTT-S\u00e3o-Crist\u00f3v\u00e3o-60x45.jpg 60w, https:\/\/senoticias.com.br\/se\/wp-content\/uploads\/2013\/02\/SMTT-S\u00e3o-Crist\u00f3v\u00e3o-150x113.jpg 150w, https:\/\/senoticias.com.br\/se\/wp-content\/uploads\/2013\/02\/SMTT-S\u00e3o-Crist\u00f3v\u00e3o-269x201.jpg 269w, https:\/\/senoticias.com.br\/se\/wp-content\/uploads\/2013\/02\/SMTT-S\u00e3o-Crist\u00f3v\u00e3o.jpg 621w\" sizes=\"(max-width: 300px) 100vw, 300px\" \/><\/a><p id=\"caption-attachment-44759\" class=\"wp-caption-text\">Faixas do SINTESE, protestando contra os vereadores foram instaladas em v\u00e1rios pontos da cidade. (Foto: SEnot\u00edcias)<\/p><\/div>\n<p style=\"text-align: justify;\">A cidade de S\u00e3o Crist\u00f3v\u00e3o, amanheceu, no s\u00e1bado (23), com in\u00fameras faixas de protestos do SINTESE contra os vereadores que votaram a favor da proposta da prefeita Rivanda Farias(PSB), que corta drasticamente o sal\u00e1rio do magist\u00e9rio. Pelo projeto os educadores passam a receber somente o vencimento inicial. Reg\u00eancia de Classe, Titula\u00e7\u00e3o, Tri\u00eanios todos esses direitos fora retirados da remunera\u00e7\u00e3o do magist\u00e9rio.<\/p>\n<p style=\"text-align: justify;\">Por volta das 11 horas da manh\u00e3 de s\u00e1bado, (23), um cinegrafista amador flagrou o momento em que dois agentes da SMTT, de S\u00e3o Crist\u00f3v\u00e3o, retirava as faixas de protesto do SINTESE. No v\u00eddeo, um agente, retira a faixa e entrega para o outro. Em seguida o agente atravessa a Rua com a faixa na m\u00e3o rumo a um ve\u00edculo estacionado nas proximidades do Mercado Municipal Lauro Rocha.<\/p>\n<p><strong>Relembre o nome dos vereadores que votaram contra os professores<\/strong><\/p>\n<p style=\"text-align: justify;\">O projeto foi aprovado pela bancada que d\u00e1 sustenta\u00e7\u00e3o a Prefeita <strong>Rivanda Farias<\/strong> (PSB). Votaram contra os professores <strong>Gilson Eletricista<\/strong> (PRB), <strong>Regi do Rosa Maria<\/strong> (PSDB), <strong>Michael Almeida<\/strong> (PT do B), <strong>Irm\u00e3o Gibson<\/strong> (PSC), <strong>Jorge Lisboa<\/strong> (PDT), <strong>Dad\u00e1<\/strong> (PRB), <strong>Diego Prado<\/strong> (PRB), <strong>Gedalva Umbaub\u00e1<\/strong> (PTC) e <strong>Tony da Academia<\/strong> (PSC).<\/p>\n<h4 style=\"text-align: justify;\"><strong>Veja o v\u00eddeo do vandalismo praticado por agentes da SMTT de S\u00e3o Crist\u00f3v\u00e3o<\/strong><\/h4>\n<p><iframe loading=\"lazy\" title=\"Prefeitura de S\u00e3o Crist\u00f3v\u00e3o retira faixas de protesto dos professores\" width=\"500\" height=\"375\" src=\"https:\/\/www.youtube.com\/embed\/i-2qK2m7QE8?feature=oembed\" frameborder=\"0\" allow=\"accelerometer; autoplay; clipboard-write; encrypted-media; gyroscope; picture-in-picture; web-share\" referrerpolicy=\"strict-origin-when-cross-origin\" allowfullscreen><\/iframe><\/p>\n<p style=\"text-align: justify;\">A reportagem do <strong>SE Not\u00edcias<\/strong> procurou o Superintendente da SMTT, <strong>major Rog\u00e9rio,\u00a0<\/strong>\u00a0para comentar o assunto, mas ningu\u00e9m atendeu as liga\u00e7\u00f5es. O Portal permanece \u00e0 disposi\u00e7\u00e3o da SMTT. Informa\u00e7\u00f5es poder\u00e3o ser encaminhadas por e-mail <strong>senoticias@gmail.com<\/strong>.<\/p>\n<p style=\"text-align: justify;\"><em><strong>Reda\u00e7\u00e3o SE Not\u00edcias<\/strong><\/em><\/p>\n","protected":false},"excerpt":{"rendered":"<p>A cidade de S\u00e3o Crist\u00f3v\u00e3o, amanheceu, no s\u00e1bado (23), com in\u00fameras faixas de protestos do SINTESE contra os vereadores que votaram a favor da proposta da prefeita Rivanda Farias(PSB), que corta drasticamente o sal\u00e1rio do magist\u00e9rio. Pelo projeto os educadores passam a receber somente o vencimento inicial. Reg\u00eancia de Classe, Titula\u00e7\u00e3o, Tri\u00eanios todos esses direitos [&hellip;]<\/p>\n","protected":false},"author":1,"featured_media":44759,"comment_status":"closed","ping_status":"closed","sticky":false,"template":"","format":"standard","meta":{"footnotes":""},"categories":[38,6,3],"tags":[],"class_list":{"0":"post-44754","1":"post","2":"type-post","3":"status-publish","4":"format-standard","5":"has-post-thumbnail","7":"category-municipios","8":"category-politica","9":"category-saocristovao"},"_links":{"self":[{"href":"https:\/\/senoticias.com.br\/se\/wp-json\/wp\/v2\/posts\/44754"}],"collection":[{"href":"https:\/\/senoticias.com.br\/se\/wp-json\/wp\/v2\/posts"}],"about":[{"href":"https:\/\/senoticias.com.br\/se\/wp-json\/wp\/v2\/types\/post"}],"author":[{"embeddable":true,"href":"https:\/\/senoticias.com.br\/se\/wp-json\/wp\/v2\/users\/1"}],"replies":[{"embeddable":true,"href":"https:\/\/senoticias.com.br\/se\/wp-json\/wp\/v2\/comments?post=44754"}],"version-history":[{"count":0,"href":"https:\/\/senoticias.com.br\/se\/wp-json\/wp\/v2\/posts\/44754\/revisions"}],"wp:featuredmedia":[{"embeddable":true,"href":"https:\/\/senoticias.com.br\/se\/wp-json\/wp\/v2\/media\/44759"}],"wp:attachment":[{"href":"https:\/\/senoticias.com.br\/se\/wp-json\/wp\/v2\/media?parent=44754"}],"wp:term":[{"taxonomy":"category","embeddable":true,"href":"https:\/\/senoticias.com.br\/se\/wp-json\/wp\/v2\/categories?post=44754"},{"taxonomy":"post_tag","embeddable":true,"href":"https:\/\/senoticias.com.br\/se\/wp-json\/wp\/v2\/tags?post=44754"}],"curies":[{"name":"wp","href":"https:\/\/api.w.org\/{rel}","templated":true}]}}