{"id":44752,"date":"2013-02-23T15:21:52","date_gmt":"2013-02-23T18:21:52","guid":{"rendered":"http:\/\/senoticias.com.br\/se\/?p=44752"},"modified":"2013-02-23T15:21:52","modified_gmt":"2013-02-23T18:21:52","slug":"forro-do-teto-de-mercado-de-aracaju-desaba-e-deixa-um-ferido","status":"publish","type":"post","link":"https:\/\/senoticias.com.br\/se\/forro-do-teto-de-mercado-de-aracaju-desaba-e-deixa-um-ferido\/","title":{"rendered":"Forro do teto de mercado de Aracaju desaba e deixa um ferido"},"content":{"rendered":"<p>&nbsp;<\/p>\n<p style=\"text-align: justify;\">Na manh\u00e3 deste s\u00e1bado (23), uma parte do forro do teto da \u00e1rea em que se comercializa carne no Mercado Albano Franco, no Centro da capital sergipana, se rompeu e acabou atingindo um feirante.<\/p>\n<p style=\"text-align: justify;\">Em nota o diretor de Espa\u00e7os P\u00fablicos da Emsurb, Lu\u00eds Carlos afirma que situa\u00e7\u00e3o j\u00e1 est\u00e1 sob controle e o homem que sofreu ferimentos leves no bra\u00e7o passa bem.<\/p>\n<p style=\"text-align: justify;\">O forro que cedeu faz parte do teto de uma laje que n\u00e3o foi totalmente comprometida. O \u00f3rg\u00e3o informou que est\u00e1 garantindo que toda a assist\u00eancia e medidas cab\u00edveis sejam realizadas e continuar\u00e1 acompanhando de perto a situa\u00e7\u00e3o do local.<\/p>\n<p style=\"text-align: justify;\"><strong>Pedido de interdi\u00e7\u00e3o<\/strong><\/p>\n<p style=\"text-align: justify;\">O Mercado onde ocorreu o acidente faz parte da \u00e1rea que poder\u00e1 ser interditada pela justi\u00e7a a peido do Minist\u00e9rio P\u00fablico Estadual, falta de higiene e a aus\u00eancia de projetos preventivos de combate a inc\u00eandio e p\u00e2nico s\u00e3o algumas das raz\u00f5es apontadas pelo MP como causas do pedido de interdi\u00e7\u00e3o.<\/p>\n<p style=\"text-align: justify;\"><strong>Nota de Esclarecimento da Emsurb<\/strong><\/p>\n<p style=\"text-align: justify;\">Em nota, a Empresa Municipal de Servi\u00e7os Urbanos (Emsurb), informa que parte do forro do teto da \u00e1rea em que se comercializa carne no Mercado Albano Franco chegou a se romper por conta do desgaste da maresia. O diretor de Espa\u00e7os P\u00fablicos da Emsurb, Lu\u00eds Carlos (Branca de Neve), junto com a sua equipe se deslocaram imediatamente at\u00e9 o local para diagnosticar o ocorrido, onde se verificou que uma parte do forro do teto caiu atingindo a banca de um feirante que preferiu n\u00e3o ser identificado e que, na ocasi\u00e3o, sofreu ferimentos leves em seu bra\u00e7o.<\/p>\n<p style=\"text-align: justify;\">Situa\u00e7\u00e3o que j\u00e1 est\u00e1 sob controle. O forro que cedeu faz parte do teto de uma laje que n\u00e3o foi totalmente comprometida. O \u00f3rg\u00e3o vem a p\u00fablico tranquilizar os feirantes e o p\u00fablico que frequentam o espa\u00e7o, garantindo que toda a assist\u00eancia e medidas cab\u00edveis foram realizadas e continuar\u00e1 acompanhando de perto a situa\u00e7\u00e3o dos Mercados Centrais.<\/p>\n<p style=\"text-align: justify;\"><em><strong>Reda\u00e7\u00e3o SE Not\u00edcias com informa\u00e7\u00f5es do G1 SE<\/strong><\/em><\/p>\n","protected":false},"excerpt":{"rendered":"<p>&nbsp; Na manh\u00e3 deste s\u00e1bado (23), uma parte do forro do teto da \u00e1rea em que se comercializa carne no Mercado Albano Franco, no Centro da capital sergipana, se rompeu e acabou atingindo um feirante. Em nota o diretor de Espa\u00e7os P\u00fablicos da Emsurb, Lu\u00eds Carlos afirma que situa\u00e7\u00e3o j\u00e1 est\u00e1 sob controle e o [&hellip;]<\/p>\n","protected":false},"author":1,"featured_media":0,"comment_status":"closed","ping_status":"closed","sticky":false,"template":"","format":"standard","meta":{"footnotes":""},"categories":[1],"tags":[],"class_list":{"0":"post-44752","1":"post","2":"type-post","3":"status-publish","4":"format-standard","6":"category-sem-categoria"},"_links":{"self":[{"href":"https:\/\/senoticias.com.br\/se\/wp-json\/wp\/v2\/posts\/44752"}],"collection":[{"href":"https:\/\/senoticias.com.br\/se\/wp-json\/wp\/v2\/posts"}],"about":[{"href":"https:\/\/senoticias.com.br\/se\/wp-json\/wp\/v2\/types\/post"}],"author":[{"embeddable":true,"href":"https:\/\/senoticias.com.br\/se\/wp-json\/wp\/v2\/users\/1"}],"replies":[{"embeddable":true,"href":"https:\/\/senoticias.com.br\/se\/wp-json\/wp\/v2\/comments?post=44752"}],"version-history":[{"count":0,"href":"https:\/\/senoticias.com.br\/se\/wp-json\/wp\/v2\/posts\/44752\/revisions"}],"wp:attachment":[{"href":"https:\/\/senoticias.com.br\/se\/wp-json\/wp\/v2\/media?parent=44752"}],"wp:term":[{"taxonomy":"category","embeddable":true,"href":"https:\/\/senoticias.com.br\/se\/wp-json\/wp\/v2\/categories?post=44752"},{"taxonomy":"post_tag","embeddable":true,"href":"https:\/\/senoticias.com.br\/se\/wp-json\/wp\/v2\/tags?post=44752"}],"curies":[{"name":"wp","href":"https:\/\/api.w.org\/{rel}","templated":true}]}}