{"id":44749,"date":"2013-02-23T12:46:30","date_gmt":"2013-02-23T15:46:30","guid":{"rendered":"http:\/\/senoticias.com.br\/se\/?p=44749"},"modified":"2013-02-25T06:05:14","modified_gmt":"2013-02-25T09:05:14","slug":"feira-agropecuaria-de-sergipe-sera-aberta-neste-domingo-2","status":"publish","type":"post","link":"https:\/\/senoticias.com.br\/se\/feira-agropecuaria-de-sergipe-sera-aberta-neste-domingo-2\/","title":{"rendered":"Feira Agropecu\u00e1ria de Sergipe ser\u00e1 aberta neste domingo"},"content":{"rendered":"<p><strong>G1, SE<\/strong><\/p>\n<div id=\"attachment_44750\" style=\"width: 310px\" class=\"wp-caption alignleft\"><a href=\"http:\/\/senoticias.com.br\/se\/wp-content\/uploads\/2013\/02\/DEFW7345-300x199.jpg\"><img loading=\"lazy\" decoding=\"async\" aria-describedby=\"caption-attachment-44750\" class=\"size-full wp-image-44750\" title=\"DEFW7345-300x199\" src=\"http:\/\/senoticias.com.br\/se\/wp-content\/uploads\/2013\/02\/DEFW7345-300x199.jpg\" alt=\"\" width=\"300\" height=\"199\" \/><\/a><p id=\"caption-attachment-44750\" class=\"wp-caption-text\">Evento acontece no Parque de Exposi\u00e7\u00e3o Jo\u00e3o Cleofas.(Foto: arquivo da ASN)<\/p><\/div>\n<p style=\"text-align: justify;\">Neste domingo (24) ser\u00e1 aberta a terceira edi\u00e7\u00e3o da Feira Agropecu\u00e1ria do Estado de Sergipe, que ser\u00e1 realizada at\u00e9 o dia 03 de mar\u00e7o. Entre as atra\u00e7\u00f5es do evento est\u00e1 o Bode Shopshow, mostra de produtos de caprinos e ovinos.<\/p>\n<p style=\"text-align: justify;\">Segundo Lauro Vasconcelos, superintendente do Sebrae, a programa\u00e7\u00e3o da mostra de produtos de caprinos e ovinos ser\u00e1 vasta, com v\u00e1rias atividades interessantes para os empreendedores. \u201cO mercado de caprinos e ovinos tem crescido em Sergipe, as pessoas est\u00e3o come\u00e7ando a apreciar a carne e o leite desses animais, que s\u00e3o saud\u00e1veis. O Sebrae apoia a iniciativa, pois acredita no potencial dessa classe empreendedora\u201d, diz Lauro.<\/p>\n<p style=\"text-align: justify;\">A programa\u00e7\u00e3o do evento que ser\u00e1 realizado no Parque de Exposi\u00e7\u00f5es Jo\u00e3o Cleofas, em Aracaju, vai contar com julgamento de caprinos e ovinos, shopping de animais, mostra gastron\u00f4mica de cabritos e cordeiros (hot bode, pizza, tapioca, charque, lingui\u00e7a e carne do sol), cortes especiais de cabritos e cordeiros, sorvetes de leite de cabra, produtos cosm\u00e9ticos, artesanato de couro e farelo de palma de Sergipe.<\/p>\n<p style=\"text-align: justify;\">Para Israel Prata, presidente da Federa\u00e7\u00e3o das Associa\u00e7\u00f5es de Criadores de Caprinos e Ovinos de Sergipe [FACCOS ] ser\u00e1 uma oportunidade para o p\u00fablico conhecer um pouco mais sobre as vantagens e sabores da carne, do leite e seus derivados. \u201c\u00c9 bom para aquele criador que quer melhorar seu rebanho adquirindo um reprodutor de qualidade. Tamb\u00e9m teremos concurso de ra\u00e7as, torneio leiteiro, al\u00e9m da mostra de derivados de produtos do leite e da carne\u201d, afirma Prata.<\/p>\n","protected":false},"excerpt":{"rendered":"<p>G1, SE Neste domingo (24) ser\u00e1 aberta a terceira edi\u00e7\u00e3o da Feira Agropecu\u00e1ria do Estado de Sergipe, que ser\u00e1 realizada at\u00e9 o dia 03 de mar\u00e7o. Entre as atra\u00e7\u00f5es do evento est\u00e1 o Bode Shopshow, mostra de produtos de caprinos e ovinos. Segundo Lauro Vasconcelos, superintendente do Sebrae, a programa\u00e7\u00e3o da mostra de produtos de [&hellip;]<\/p>\n","protected":false},"author":1,"featured_media":44750,"comment_status":"closed","ping_status":"closed","sticky":false,"template":"","format":"standard","meta":{"footnotes":""},"categories":[6],"tags":[],"class_list":{"0":"post-44749","1":"post","2":"type-post","3":"status-publish","4":"format-standard","5":"has-post-thumbnail","7":"category-politica"},"_links":{"self":[{"href":"https:\/\/senoticias.com.br\/se\/wp-json\/wp\/v2\/posts\/44749"}],"collection":[{"href":"https:\/\/senoticias.com.br\/se\/wp-json\/wp\/v2\/posts"}],"about":[{"href":"https:\/\/senoticias.com.br\/se\/wp-json\/wp\/v2\/types\/post"}],"author":[{"embeddable":true,"href":"https:\/\/senoticias.com.br\/se\/wp-json\/wp\/v2\/users\/1"}],"replies":[{"embeddable":true,"href":"https:\/\/senoticias.com.br\/se\/wp-json\/wp\/v2\/comments?post=44749"}],"version-history":[{"count":0,"href":"https:\/\/senoticias.com.br\/se\/wp-json\/wp\/v2\/posts\/44749\/revisions"}],"wp:featuredmedia":[{"embeddable":true,"href":"https:\/\/senoticias.com.br\/se\/wp-json\/wp\/v2\/media\/44750"}],"wp:attachment":[{"href":"https:\/\/senoticias.com.br\/se\/wp-json\/wp\/v2\/media?parent=44749"}],"wp:term":[{"taxonomy":"category","embeddable":true,"href":"https:\/\/senoticias.com.br\/se\/wp-json\/wp\/v2\/categories?post=44749"},{"taxonomy":"post_tag","embeddable":true,"href":"https:\/\/senoticias.com.br\/se\/wp-json\/wp\/v2\/tags?post=44749"}],"curies":[{"name":"wp","href":"https:\/\/api.w.org\/{rel}","templated":true}]}}