{"id":44745,"date":"2013-02-23T07:22:49","date_gmt":"2013-02-23T10:22:49","guid":{"rendered":"http:\/\/senoticias.com.br\/se\/?p=44745"},"modified":"2013-02-25T06:56:14","modified_gmt":"2013-02-25T09:56:14","slug":"veja-video-casal-e-flagrado-fazendo-sexo-em-praia-lotada","status":"publish","type":"post","link":"https:\/\/senoticias.com.br\/se\/veja-video-casal-e-flagrado-fazendo-sexo-em-praia-lotada\/","title":{"rendered":"Veja v\u00eddeo: Casal \u00e9 flagrado fazendo sexo em praia lotada"},"content":{"rendered":"<p style=\"text-align: justify;\"><a href=\"   http:\/\/extra.globo.com\/noticias\/rio\/casal-flagrado-fazendo-sexo-em-praia-lotada-em-rio-das-ostras-video-cai-na-web-7639528.html\" target=\"_blank\"><strong>por REDA\u00c7\u00c3O EXTRA, RIO<\/strong><\/a><\/p>\n<div id=\"attachment_44746\" style=\"width: 310px\" class=\"wp-caption alignleft\"><a href=\"http:\/\/senoticias.com.br\/se\/wp-content\/uploads\/2013\/02\/sexo-praia-2.jpg\"><img loading=\"lazy\" decoding=\"async\" aria-describedby=\"caption-attachment-44746\" class=\"size-medium wp-image-44746\" title=\"sexo-praia-2\" src=\"http:\/\/senoticias.com.br\/se\/wp-content\/uploads\/2013\/02\/sexo-praia-2-300x190.jpg\" alt=\"\" width=\"300\" height=\"190\" srcset=\"https:\/\/senoticias.com.br\/se\/wp-content\/uploads\/2013\/02\/sexo-praia-2-300x190.jpg 300w, https:\/\/senoticias.com.br\/se\/wp-content\/uploads\/2013\/02\/sexo-praia-2-342x217.jpg 342w, https:\/\/senoticias.com.br\/se\/wp-content\/uploads\/2013\/02\/sexo-praia-2.jpg 448w\" sizes=\"(max-width: 300px) 100vw, 300px\" \/><\/a><p id=\"caption-attachment-44746\" class=\"wp-caption-text\">Os dois n\u00e3o ficaram constrangidos com a praia cheia Foto: Reprodu\u00e7\u00e3o do YouTube<\/p><\/div>\n<p style=\"text-align: justify;\">Um casal desinibido foi flagrado fazendo sexo na praia do Centro da cidade de Rio das Ostras, na Regi\u00e3o dos Lagos, em pleno s\u00e1bado de carnaval. A pol\u00edcia local confirmou a hist\u00f3ria, e informou que os dois foram levados \u00e0 delegacia por guardas municipais. Eles foram autuados pela exposi\u00e7\u00e3o em p\u00fablico e liberados em seguida.<\/p>\n<p style=\"text-align: justify;\">Os movimentos do casal na \u00e1gua chamaram a aten\u00e7\u00e3o de quem estava na praia, lotada. Um grupo filmou o vai-e-vem da dupla e publicou na internet, nesta quarta-feira. Os dois n\u00e3o se sentiram inibidos nem pela presen\u00e7a das crian\u00e7as e idosos na praia.<\/p>\n<p style=\"text-align: justify;\">\u201c O que \u00e9 isso, gente?! Cabecinha pra tr\u00e1s e tudo!\u201d, comenta uma mulher, chocada com a cena.<\/p>\n<p style=\"text-align: justify;\">Quando os dois finalmente se desgrudaram, a praia inteira aplaudiu o \u201cespet\u00e1culo\u201d. Saindo da \u00e1gua, a mulher foi ao encontro de uma crian\u00e7a que &#8211; pasme &#8211; estava na companhia do casal.<\/p>\n<p style=\"text-align: justify;\">Em 2006, a apresentadora Daniella Cicarelli foi flagrada na mesma situa\u00e7\u00e3o constrangedora, s\u00f3 que em um destino bem mais glamouroso &#8211; a cidade de Tarifa, na Espanha. Ela foi filmada enquanto fazia sexo com o ent\u00e3o namorado, o empres\u00e1rio Tato Malzoni.<br \/>\nAs cenas quentes deram o que falar na \u00e9poca, e ainda hoje s\u00e3o refer\u00eancia para qualquer brincadeira nesse sentido. Mas vale dizer que Cicarelli e o empres\u00e1rio foram um pouco mais discretos.<\/p>\n<p>http:\/\/youtu.be\/6mkXuCgJYXY<\/p>\n","protected":false},"excerpt":{"rendered":"<p>por REDA\u00c7\u00c3O EXTRA, RIO Um casal desinibido foi flagrado fazendo sexo na praia do Centro da cidade de Rio das Ostras, na Regi\u00e3o dos Lagos, em pleno s\u00e1bado de carnaval. A pol\u00edcia local confirmou a hist\u00f3ria, e informou que os dois foram levados \u00e0 delegacia por guardas municipais. Eles foram autuados pela exposi\u00e7\u00e3o em p\u00fablico [&hellip;]<\/p>\n","protected":false},"author":1,"featured_media":44746,"comment_status":"closed","ping_status":"closed","sticky":false,"template":"","format":"standard","meta":{"footnotes":""},"categories":[310,1],"tags":[],"class_list":{"0":"post-44745","1":"post","2":"type-post","3":"status-publish","4":"format-standard","5":"has-post-thumbnail","7":"category-destaques-da-semana","8":"category-sem-categoria"},"_links":{"self":[{"href":"https:\/\/senoticias.com.br\/se\/wp-json\/wp\/v2\/posts\/44745"}],"collection":[{"href":"https:\/\/senoticias.com.br\/se\/wp-json\/wp\/v2\/posts"}],"about":[{"href":"https:\/\/senoticias.com.br\/se\/wp-json\/wp\/v2\/types\/post"}],"author":[{"embeddable":true,"href":"https:\/\/senoticias.com.br\/se\/wp-json\/wp\/v2\/users\/1"}],"replies":[{"embeddable":true,"href":"https:\/\/senoticias.com.br\/se\/wp-json\/wp\/v2\/comments?post=44745"}],"version-history":[{"count":0,"href":"https:\/\/senoticias.com.br\/se\/wp-json\/wp\/v2\/posts\/44745\/revisions"}],"wp:featuredmedia":[{"embeddable":true,"href":"https:\/\/senoticias.com.br\/se\/wp-json\/wp\/v2\/media\/44746"}],"wp:attachment":[{"href":"https:\/\/senoticias.com.br\/se\/wp-json\/wp\/v2\/media?parent=44745"}],"wp:term":[{"taxonomy":"category","embeddable":true,"href":"https:\/\/senoticias.com.br\/se\/wp-json\/wp\/v2\/categories?post=44745"},{"taxonomy":"post_tag","embeddable":true,"href":"https:\/\/senoticias.com.br\/se\/wp-json\/wp\/v2\/tags?post=44745"}],"curies":[{"name":"wp","href":"https:\/\/api.w.org\/{rel}","templated":true}]}}