{"id":44742,"date":"2013-02-22T18:05:43","date_gmt":"2013-02-22T21:05:43","guid":{"rendered":"http:\/\/senoticias.com.br\/se\/?p=44742"},"modified":"2013-02-22T18:06:19","modified_gmt":"2013-02-22T21:06:19","slug":"estados-e-municipios-recebem-primeira-parcela-do-salario-educacao-de-2013","status":"publish","type":"post","link":"https:\/\/senoticias.com.br\/se\/estados-e-municipios-recebem-primeira-parcela-do-salario-educacao-de-2013\/","title":{"rendered":"Estados e munic\u00edpios recebem primeira parcela do sal\u00e1rio-educa\u00e7\u00e3o de 2013"},"content":{"rendered":"<p>&nbsp;<\/p>\n<p style=\"text-align: justify;\">Est\u00e1 dispon\u00edvel a partir desta quinta-feira, 21, a primeira parcela de 2013 da cota estadual e municipal do sal\u00e1rio-educa\u00e7\u00e3o. O Fundo Nacional de Desenvolvimento da Educa\u00e7\u00e3o (FNDE) fez a transfer\u00eancia de R$ 1,28 bilh\u00e3o, referente ao m\u00eas de janeiro. Para os 26 estados e o Distrito Federal, foram repassados R$ 624,48 milh\u00f5es, enquanto os munic\u00edpios receberam R$ 660,61 milh\u00f5es. O valor transferido para cada localidade pode ser conferido no s\u00edtio eletr\u00f4nico do FNDE.<\/p>\n<p style=\"text-align: justify;\">Destinado ao financiamento de programas voltados para a educa\u00e7\u00e3o b\u00e1sica p\u00fablica, o sal\u00e1rio-educa\u00e7\u00e3o \u00e9 recolhido de todas as empresas e entidades vinculadas ao Regime Geral da Previd\u00eancia Social. A al\u00edquota \u00e9 de 2,5% sobre a folha de pagamento.<\/p>\n<p style=\"text-align: justify;\">Ap\u00f3s a arrecada\u00e7\u00e3o, cabe ao FNDE repartir os recursos da seguinte forma: 90% em cotas estadual-municipal (2\/3) e cota federal (1\/3), e 10% para serem utilizados pela autarquia em programas, projetos e a\u00e7\u00f5es voltados \u00e0 educa\u00e7\u00e3o b\u00e1sica.<\/p>\n<p style=\"text-align: justify;\">Distribu\u00edda com base no n\u00famero de alunos do ensino b\u00e1sico, a cota estadual-municipal \u00e9 depositada mensalmente nas contas correntes das secretarias de educa\u00e7\u00e3o. J\u00e1 a cota federal \u00e9 destinada ao FNDE, para refor\u00e7ar o financiamento da educa\u00e7\u00e3o b\u00e1sica, com o intuito de reduzir os desn\u00edveis socioeducacionais entre munic\u00edpios e estados.<\/p>\n<p style=\"text-align: justify;\"><strong>Consulte <a href=\"    http:\/\/www.fnde.gov.br\/index.php\" target=\"_blank\">aqui<\/a> o valor transferido para cada localidade.<\/strong><\/p>\n<p style=\"text-align: justify;\"><em>Ascom\/CNTE<\/em><\/p>\n","protected":false},"excerpt":{"rendered":"<p>&nbsp; Est\u00e1 dispon\u00edvel a partir desta quinta-feira, 21, a primeira parcela de 2013 da cota estadual e municipal do sal\u00e1rio-educa\u00e7\u00e3o. O Fundo Nacional de Desenvolvimento da Educa\u00e7\u00e3o (FNDE) fez a transfer\u00eancia de R$ 1,28 bilh\u00e3o, referente ao m\u00eas de janeiro. Para os 26 estados e o Distrito Federal, foram repassados R$ 624,48 milh\u00f5es, enquanto os [&hellip;]<\/p>\n","protected":false},"author":1,"featured_media":0,"comment_status":"closed","ping_status":"closed","sticky":false,"template":"","format":"standard","meta":{"footnotes":""},"categories":[1],"tags":[],"class_list":{"0":"post-44742","1":"post","2":"type-post","3":"status-publish","4":"format-standard","6":"category-sem-categoria"},"_links":{"self":[{"href":"https:\/\/senoticias.com.br\/se\/wp-json\/wp\/v2\/posts\/44742"}],"collection":[{"href":"https:\/\/senoticias.com.br\/se\/wp-json\/wp\/v2\/posts"}],"about":[{"href":"https:\/\/senoticias.com.br\/se\/wp-json\/wp\/v2\/types\/post"}],"author":[{"embeddable":true,"href":"https:\/\/senoticias.com.br\/se\/wp-json\/wp\/v2\/users\/1"}],"replies":[{"embeddable":true,"href":"https:\/\/senoticias.com.br\/se\/wp-json\/wp\/v2\/comments?post=44742"}],"version-history":[{"count":0,"href":"https:\/\/senoticias.com.br\/se\/wp-json\/wp\/v2\/posts\/44742\/revisions"}],"wp:attachment":[{"href":"https:\/\/senoticias.com.br\/se\/wp-json\/wp\/v2\/media?parent=44742"}],"wp:term":[{"taxonomy":"category","embeddable":true,"href":"https:\/\/senoticias.com.br\/se\/wp-json\/wp\/v2\/categories?post=44742"},{"taxonomy":"post_tag","embeddable":true,"href":"https:\/\/senoticias.com.br\/se\/wp-json\/wp\/v2\/tags?post=44742"}],"curies":[{"name":"wp","href":"https:\/\/api.w.org\/{rel}","templated":true}]}}